{"id":858995,"date":"2025-09-09T17:11:20","date_gmt":"2025-09-09T15:11:20","guid":{"rendered":"https:\/\/www.albinfo.ch\/?p=858995"},"modified":"2025-09-09T17:13:32","modified_gmt":"2025-09-09T15:13:32","slug":"lambassade-suisse-soutient-les-organisations-de-la-societe-civile-au-kosovo","status":"publish","type":"post","link":"https:\/\/www.albinfo.at\/fr\/lambassade-suisse-soutient-les-organisations-de-la-societe-civile-au-kosovo\/","title":{"rendered":"L&#8217;ambassade suisse soutient les organisations de la soci\u00e9t\u00e9 civile au Kosovo."},"content":{"rendered":"<p data-start=\"32\" data-end=\"367\">L\u2019Ambassade de Suisse au Kosovo a exprim\u00e9 son inqui\u00e9tude concernant les r\u00e9centes tentatives de discr\u00e9diter le travail des organisations de la soci\u00e9t\u00e9 civile. Selon l\u2019ambassade, ces tentatives &#8221; sapent la confiance du public, r\u00e9tr\u00e9cissent l\u2019espace civique et affaiblissent les fondements m\u00eames de la d\u00e9mocratie &#8220;, rapporte albinfo.ch.<\/p>\n<p data-start=\"369\" data-end=\"677\">Dans son communiqu\u00e9, l\u2019ambassade souligne que les m\u00e9dias et la soci\u00e9t\u00e9 civile jouent un r\u00f4le cl\u00e9 dans la promotion de la transparence, l\u2019am\u00e9lioration de la redevabilit\u00e9 publique et l\u2019autonomisation des citoyens. Elle met en avant l\u2019importance du respect de l\u2019\u00e9thique journalistique et du reportage factuel.<\/p>\n<p data-start=\"679\" data-end=\"846\">La Suisse continuera \u00e0 soutenir les organisations de la soci\u00e9t\u00e9 civile qui \u0153uvrent pour promouvoir le dialogue, les droits de l\u2019homme et la r\u00e9conciliation au Kosovo.<\/p>\n","protected":false},"excerpt":{"rendered":"<p>Les efforts pour discr\u00e9diter les ONG inqui\u00e8tent la Suisse au Kosovo<\/p>\n","protected":false},"author":6,"featured_media":564574,"comment_status":"closed","ping_status":"closed","sticky":false,"template":"","format":"standard","meta":{"footnotes":""},"categories":[23271,3949,23270,24630,1159],"tags":[],"vendi":[],"content_country":[31835,31838,31840],"class_list":["post-858995","post","type-post","status-publish","format-standard","has-post-thumbnail","hentry","category-kosovo","category-kosova-fr","category-at-balkani-fr","category-nouvelles","category-ch-balkans","content_country-austria-fr","content_country-germany-fr","content_country-zvicer-fr"],"acf":[],"_links":{"self":[{"href":"https:\/\/www.albinfo.at\/fr\/wp-json\/wp\/v2\/posts\/858995","targetHints":{"allow":["GET"]}}],"collection":[{"href":"https:\/\/www.albinfo.at\/fr\/wp-json\/wp\/v2\/posts"}],"about":[{"href":"https:\/\/www.albinfo.at\/fr\/wp-json\/wp\/v2\/types\/post"}],"author":[{"embeddable":true,"href":"https:\/\/www.albinfo.at\/fr\/wp-json\/wp\/v2\/users\/6"}],"replies":[{"embeddable":true,"href":"https:\/\/www.albinfo.at\/fr\/wp-json\/wp\/v2\/comments?post=858995"}],"version-history":[{"count":1,"href":"https:\/\/www.albinfo.at\/fr\/wp-json\/wp\/v2\/posts\/858995\/revisions"}],"predecessor-version":[{"id":858996,"href":"https:\/\/www.albinfo.at\/fr\/wp-json\/wp\/v2\/posts\/858995\/revisions\/858996"}],"wp:featuredmedia":[{"embeddable":true,"href":"https:\/\/www.albinfo.at\/fr\/wp-json\/wp\/v2\/media\/564574"}],"wp:attachment":[{"href":"https:\/\/www.albinfo.at\/fr\/wp-json\/wp\/v2\/media?parent=858995"}],"wp:term":[{"taxonomy":"category","embeddable":true,"href":"https:\/\/www.albinfo.at\/fr\/wp-json\/wp\/v2\/categories?post=858995"},{"taxonomy":"post_tag","embeddable":true,"href":"https:\/\/www.albinfo.at\/fr\/wp-json\/wp\/v2\/tags?post=858995"},{"taxonomy":"vendi","embeddable":true,"href":"https:\/\/www.albinfo.at\/fr\/wp-json\/wp\/v2\/vendi?post=858995"},{"taxonomy":"content_country","embeddable":true,"href":"https:\/\/www.albinfo.at\/fr\/wp-json\/wp\/v2\/content_country?post=858995"}],"curies":[{"name":"wp","href":"https:\/\/api.w.org\/{rel}","templated":true}]}}