{"id":858897,"date":"2025-09-08T23:53:03","date_gmt":"2025-09-08T21:53:03","guid":{"rendered":"https:\/\/www.albinfo.ch\/?p=858897"},"modified":"2025-09-08T23:53:27","modified_gmt":"2025-09-08T21:53:27","slug":"le-kosovo-avec-une-grande-victoire-contre-la-suede","status":"publish","type":"post","link":"https:\/\/www.albinfo.at\/fr\/le-kosovo-avec-une-grande-victoire-contre-la-suede\/","title":{"rendered":"Le Kosovo, avec une grande victoire contre la Su\u00e8de"},"content":{"rendered":"<p data-start=\"32\" data-end=\"140\">Le Kosovo a sign\u00e9 une grande victoire contre la Su\u00e8de dans les qualifications pour la Coupe du monde 2026.<\/p>\n<p data-start=\"142\" data-end=\"205\">Les Dardan\u00eb se sont impos\u00e9s 2:0 \u00e0 Pristina, \u00e9crit albinfo.ch.<\/p>\n<p data-start=\"207\" data-end=\"414\">Elvis Rexhbeqaj a ouvert le score \u00e0 la 26e minute apr\u00e8s une contre-attaque r\u00e9ussie, tandis que le deuxi\u00e8me but est venu d\u2019une frappe puissante de Vedat Muriqi \u00e0 la 42e minute, \u00e9galement sur contre-attaque.<\/p>\n<p data-start=\"416\" data-end=\"507\">La seconde p\u00e9riode n\u2019a pas apport\u00e9 de buts suppl\u00e9mentaires et le Kosovo s\u2019est impos\u00e9 2:0.<\/p>\n<p data-start=\"509\" data-end=\"647\">Au classement, le Kosovo compte trois points, la Su\u00e8de et la Slov\u00e9nie un point chacune, tandis que la Suisse est leader avec six points.<\/p>\n<p>&nbsp;<\/p>\n<p>&nbsp;<\/p>\n","protected":false},"excerpt":{"rendered":"<p>Les Dardans ont remport\u00e9 l&#8217;une de leurs plus grandes victoires depuis leur admission \u00e0 la FIFA.<\/p>\n","protected":false},"author":6,"featured_media":858851,"comment_status":"closed","ping_status":"closed","sticky":false,"template":"","format":"standard","meta":{"footnotes":""},"categories":[24671,1169],"tags":[],"vendi":[],"content_country":[31835,31838,31840],"class_list":["post-858897","post","type-post","status-publish","format-standard","has-post-thumbnail","hentry","category-football","category-sport-fr","content_country-austria-fr","content_country-germany-fr","content_country-zvicer-fr"],"acf":[],"_links":{"self":[{"href":"https:\/\/www.albinfo.at\/fr\/wp-json\/wp\/v2\/posts\/858897","targetHints":{"allow":["GET"]}}],"collection":[{"href":"https:\/\/www.albinfo.at\/fr\/wp-json\/wp\/v2\/posts"}],"about":[{"href":"https:\/\/www.albinfo.at\/fr\/wp-json\/wp\/v2\/types\/post"}],"author":[{"embeddable":true,"href":"https:\/\/www.albinfo.at\/fr\/wp-json\/wp\/v2\/users\/6"}],"replies":[{"embeddable":true,"href":"https:\/\/www.albinfo.at\/fr\/wp-json\/wp\/v2\/comments?post=858897"}],"version-history":[{"count":1,"href":"https:\/\/www.albinfo.at\/fr\/wp-json\/wp\/v2\/posts\/858897\/revisions"}],"predecessor-version":[{"id":858898,"href":"https:\/\/www.albinfo.at\/fr\/wp-json\/wp\/v2\/posts\/858897\/revisions\/858898"}],"wp:featuredmedia":[{"embeddable":true,"href":"https:\/\/www.albinfo.at\/fr\/wp-json\/wp\/v2\/media\/858851"}],"wp:attachment":[{"href":"https:\/\/www.albinfo.at\/fr\/wp-json\/wp\/v2\/media?parent=858897"}],"wp:term":[{"taxonomy":"category","embeddable":true,"href":"https:\/\/www.albinfo.at\/fr\/wp-json\/wp\/v2\/categories?post=858897"},{"taxonomy":"post_tag","embeddable":true,"href":"https:\/\/www.albinfo.at\/fr\/wp-json\/wp\/v2\/tags?post=858897"},{"taxonomy":"vendi","embeddable":true,"href":"https:\/\/www.albinfo.at\/fr\/wp-json\/wp\/v2\/vendi?post=858897"},{"taxonomy":"content_country","embeddable":true,"href":"https:\/\/www.albinfo.at\/fr\/wp-json\/wp\/v2\/content_country?post=858897"}],"curies":[{"name":"wp","href":"https:\/\/api.w.org\/{rel}","templated":true}]}}