{"id":858889,"date":"2025-09-08T23:43:56","date_gmt":"2025-09-08T21:43:56","guid":{"rendered":"https:\/\/www.albinfo.ch\/?p=858889"},"modified":"2025-09-08T23:44:43","modified_gmt":"2025-09-08T21:44:43","slug":"suisse-3-buts-pour-3-points","status":"publish","type":"post","link":"https:\/\/www.albinfo.at\/fr\/suisse-3-buts-pour-3-points\/","title":{"rendered":"Suisse, 3 buts pour 3 points"},"content":{"rendered":"<p data-start=\"32\" data-end=\"122\">La Suisse a commenc\u00e9 de mani\u00e8re parfaite les qualifications pour la Coupe du monde 2026.<\/p>\n<p data-start=\"124\" data-end=\"265\">Apr\u00e8s sa victoire 4:0 contre le Kosovo, \u00e9galement \u00e0 B\u00e2le, la Suisse s\u2019est impos\u00e9e face \u00e0 la Slov\u00e9nie sur le score de 3:0, \u00e9crit albinfo.ch.<\/p>\n<p data-start=\"267\" data-end=\"419\">Elvedi a ouvert le score \u00e0 la 18e minute, puis Embolo a doubl\u00e9 l\u2019avantage \u00e0 la 33e, avant que Ndoye ne marque le troisi\u00e8me but cinq minutes plus tard.<\/p>\n<p data-start=\"421\" data-end=\"645\">En seconde mi-temps, aucun autre but n\u2019a \u00e9t\u00e9 inscrit et la Suisse s\u2019est impos\u00e9e 3:0, r\u00e9coltant ainsi six points lors de ses deux premiers matchs. Le prochain rendez-vous est pr\u00e9vu en octobre contre la Su\u00e8de, \u00e0 l\u2019ext\u00e9rieur.<\/p>\n","protected":false},"excerpt":{"rendered":"<p>Les trois buts en premi\u00e8re mi-temps ont suffi pour les trois points cons\u00e9cutifs de la Suisse.<\/p>\n","protected":false},"author":6,"featured_media":858854,"comment_status":"closed","ping_status":"closed","sticky":false,"template":"","format":"standard","meta":{"footnotes":""},"categories":[24671,1169],"tags":[],"vendi":[],"content_country":[],"class_list":["post-858889","post","type-post","status-publish","format-standard","has-post-thumbnail","hentry","category-football","category-sport-fr"],"acf":[],"_links":{"self":[{"href":"https:\/\/www.albinfo.at\/fr\/wp-json\/wp\/v2\/posts\/858889","targetHints":{"allow":["GET"]}}],"collection":[{"href":"https:\/\/www.albinfo.at\/fr\/wp-json\/wp\/v2\/posts"}],"about":[{"href":"https:\/\/www.albinfo.at\/fr\/wp-json\/wp\/v2\/types\/post"}],"author":[{"embeddable":true,"href":"https:\/\/www.albinfo.at\/fr\/wp-json\/wp\/v2\/users\/6"}],"replies":[{"embeddable":true,"href":"https:\/\/www.albinfo.at\/fr\/wp-json\/wp\/v2\/comments?post=858889"}],"version-history":[{"count":1,"href":"https:\/\/www.albinfo.at\/fr\/wp-json\/wp\/v2\/posts\/858889\/revisions"}],"predecessor-version":[{"id":858890,"href":"https:\/\/www.albinfo.at\/fr\/wp-json\/wp\/v2\/posts\/858889\/revisions\/858890"}],"wp:featuredmedia":[{"embeddable":true,"href":"https:\/\/www.albinfo.at\/fr\/wp-json\/wp\/v2\/media\/858854"}],"wp:attachment":[{"href":"https:\/\/www.albinfo.at\/fr\/wp-json\/wp\/v2\/media?parent=858889"}],"wp:term":[{"taxonomy":"category","embeddable":true,"href":"https:\/\/www.albinfo.at\/fr\/wp-json\/wp\/v2\/categories?post=858889"},{"taxonomy":"post_tag","embeddable":true,"href":"https:\/\/www.albinfo.at\/fr\/wp-json\/wp\/v2\/tags?post=858889"},{"taxonomy":"vendi","embeddable":true,"href":"https:\/\/www.albinfo.at\/fr\/wp-json\/wp\/v2\/vendi?post=858889"},{"taxonomy":"content_country","embeddable":true,"href":"https:\/\/www.albinfo.at\/fr\/wp-json\/wp\/v2\/content_country?post=858889"}],"curies":[{"name":"wp","href":"https:\/\/api.w.org\/{rel}","templated":true}]}}