{"id":858708,"date":"2025-09-08T14:43:18","date_gmt":"2025-09-08T12:43:18","guid":{"rendered":"https:\/\/www.albinfo.ch\/?p=858708"},"modified":"2025-09-08T14:44:27","modified_gmt":"2025-09-08T12:44:27","slug":"riola-xhemaili-etait-une-heroine-pour-le-psv-eindhoven","status":"publish","type":"post","link":"https:\/\/www.albinfo.at\/fr\/riola-xhemaili-etait-une-heroine-pour-le-psv-eindhoven\/","title":{"rendered":"Riola Xhemaili \u00e9tait une h\u00e9ro\u00efne pour le PSV Eindhoven"},"content":{"rendered":"<p data-start=\"32\" data-end=\"224\">Les footballeuses de l\u2019\u00e9quipe nationale suisse se sont distingu\u00e9es ce week-end avec des buts, des d\u00e9buts prometteurs et des prestations solides dans les ligues europ\u00e9ennes, \u00e9crit albinfo.ch.<\/p>\n<p data-start=\"226\" data-end=\"480\">\ud83c\udde8\ud83c\udded Le week-end a apport\u00e9 des d\u00e9veloppements importants pour plusieurs joueuses de l\u2019\u00e9quipe nationale suisse, qui ont soit fait leurs d\u00e9buts, soit marqu\u00e9 les esprits lors des matches d\u2019ouverture de la saison dans les principaux championnats europ\u00e9ens.<\/p>\n<p data-start=\"482\" data-end=\"653\">Riola Xhemaili a \u00e9t\u00e9 l\u2019h\u00e9ro\u00efne du PSV Eindhoven, inscrivant l\u2019unique but de la victoire 1:0 contre Excelsior Rotterdam lors du coup d\u2019envoi de l\u2019Eredivisie aux Pays-Bas.<\/p>\n<p data-start=\"655\" data-end=\"813\">Iman Beney a fait ses d\u00e9buts dans le championnat anglais avec Manchester City. Elle est entr\u00e9e en jeu \u00e0 la 85e minute lors de la d\u00e9faite 1:2 contre Chelsea.<\/p>\n<p data-start=\"815\" data-end=\"1123\">En Allemagne, Noemi Ivelj a d\u00e9but\u00e9 avec l\u2019Eintracht Francfort, entrant en jeu \u00e0 la 70e minute lors de la victoire \u00e9clatante 5:0 contre Essen. De son c\u00f4t\u00e9, Aur\u00e9lie Csillag a fait sa premi\u00e8re apparition en Bundesliga avec Fribourg, jouant \u00e0 partir de la 63e minute dans le match nul 1:1 face au Werder Br\u00eame.<\/p>\n<p data-start=\"1125\" data-end=\"1285\">Pendant ce temps, la gardienne Elvira Herzog s\u2019est illustr\u00e9e avec ses arr\u00eats pour le RB Leipzig, gardant sa cage inviol\u00e9e dans la victoire 2:0 face \u00e0 Cologne.<\/p>\n","protected":false},"excerpt":{"rendered":"<p>Les footballeuses de l\u2019\u00e9quipe nationale suisse se sont distingu\u00e9es ce week-end avec des buts, des d\u00e9buts prometteurs et des prestations solides dans les ligues europ\u00e9ennes, \u00e9crit albinfo.ch. \ud83c\udde8\ud83c\udded Le week-end a apport\u00e9 des d\u00e9veloppements importants pour plusieurs joueuses de l\u2019\u00e9quipe nationale suisse, qui ont soit fait leurs d\u00e9buts, soit marqu\u00e9 les esprits lors des matches [&hellip;]<\/p>\n","protected":false},"author":6,"featured_media":858639,"comment_status":"closed","ping_status":"closed","sticky":false,"template":"","format":"standard","meta":{"footnotes":""},"categories":[24671,1169],"tags":[],"vendi":[],"content_country":[],"class_list":["post-858708","post","type-post","status-publish","format-standard","has-post-thumbnail","hentry","category-football","category-sport-fr"],"acf":[],"_links":{"self":[{"href":"https:\/\/www.albinfo.at\/fr\/wp-json\/wp\/v2\/posts\/858708","targetHints":{"allow":["GET"]}}],"collection":[{"href":"https:\/\/www.albinfo.at\/fr\/wp-json\/wp\/v2\/posts"}],"about":[{"href":"https:\/\/www.albinfo.at\/fr\/wp-json\/wp\/v2\/types\/post"}],"author":[{"embeddable":true,"href":"https:\/\/www.albinfo.at\/fr\/wp-json\/wp\/v2\/users\/6"}],"replies":[{"embeddable":true,"href":"https:\/\/www.albinfo.at\/fr\/wp-json\/wp\/v2\/comments?post=858708"}],"version-history":[{"count":1,"href":"https:\/\/www.albinfo.at\/fr\/wp-json\/wp\/v2\/posts\/858708\/revisions"}],"predecessor-version":[{"id":858709,"href":"https:\/\/www.albinfo.at\/fr\/wp-json\/wp\/v2\/posts\/858708\/revisions\/858709"}],"wp:featuredmedia":[{"embeddable":true,"href":"https:\/\/www.albinfo.at\/fr\/wp-json\/wp\/v2\/media\/858639"}],"wp:attachment":[{"href":"https:\/\/www.albinfo.at\/fr\/wp-json\/wp\/v2\/media?parent=858708"}],"wp:term":[{"taxonomy":"category","embeddable":true,"href":"https:\/\/www.albinfo.at\/fr\/wp-json\/wp\/v2\/categories?post=858708"},{"taxonomy":"post_tag","embeddable":true,"href":"https:\/\/www.albinfo.at\/fr\/wp-json\/wp\/v2\/tags?post=858708"},{"taxonomy":"vendi","embeddable":true,"href":"https:\/\/www.albinfo.at\/fr\/wp-json\/wp\/v2\/vendi?post=858708"},{"taxonomy":"content_country","embeddable":true,"href":"https:\/\/www.albinfo.at\/fr\/wp-json\/wp\/v2\/content_country?post=858708"}],"curies":[{"name":"wp","href":"https:\/\/api.w.org\/{rel}","templated":true}]}}