{"id":858589,"date":"2025-09-07T21:31:35","date_gmt":"2025-09-07T19:31:35","guid":{"rendered":"https:\/\/www.albinfo.ch\/?p=858589"},"modified":"2025-09-07T21:32:34","modified_gmt":"2025-09-07T19:32:34","slug":"granit-xhaka-et-albian-ajeti-invites-speciaux-au-match-du-fc-dardania","status":"publish","type":"post","link":"https:\/\/www.albinfo.at\/fr\/granit-xhaka-et-albian-ajeti-invites-speciaux-au-match-du-fc-dardania\/","title":{"rendered":"Granit Xhaka et Albian Ajeti, invit\u00e9s sp\u00e9ciaux au match du FC Dardania."},"content":{"rendered":"<p data-start=\"32\" data-end=\"295\">Un jour apr\u00e8s le match entre la Suisse et le Kosovo, qui s\u2019est conclu par une victoire convaincante des Helv\u00e8tes 4:0, le FC Dardania a eu le plaisir d\u2019accueillir un invit\u00e9 de marque: le capitaine de l\u2019\u00e9quipe nationale suisse, Granit Xhaka, rapporte albinfo.ch.<\/p>\n<p data-start=\"297\" data-end=\"560\">Xhaka a suivi de pr\u00e8s la rencontre du club, o\u00f9 son fr\u00e8re, Taulant Xhaka, officie comme entra\u00eeneur. L\u2019atmosph\u00e8re au stade \u00e9tait magnifique, avec de nombreux supporters pr\u00e9sents, qui ont eu l\u2019occasion de prendre des photos et de demander des autographes \u00e0 Granit.<\/p>\n<p data-start=\"562\" data-end=\"762\">La surprise ne s\u2019est pas arr\u00eat\u00e9e l\u00e0: le footballeur du FC B\u00e2le, Albian Ajeti, a lui aussi honor\u00e9 le club de sa pr\u00e9sence, accueilli avec beaucoup d\u2019affection et de respect par tous les participants.<\/p>\n<p data-start=\"764\" data-end=\"923\">La direction du club a exprim\u00e9 sa gratitude sinc\u00e8re \u00e0 Granit Xhaka et \u00e0 Albian Ajeti pour leur temps et le respect t\u00e9moign\u00e9 envers le club et ses supporters.<\/p>\n<p><iframe loading=\"lazy\" style=\"border: none; overflow: hidden;\" src=\"https:\/\/www.facebook.com\/plugins\/post.php?href=https%3A%2F%2Fwww.facebook.com%2Ffcdardaniabasel%2Fposts%2Fpfbid06SNUyN7vuB1drFAWWcyXrjPRXqvm4DSmYrpaUWs17E5Ywdj6xGSmQ47w8rsmCq7Gl&amp;show_text=true&amp;width=500\" width=\"500\" height=\"710\" frameborder=\"0\" scrolling=\"no\" allowfullscreen=\"allowfullscreen\" data-mce-fragment=\"1\"><\/iframe><\/p>\n","protected":false},"excerpt":{"rendered":"<p>Un jour apr\u00e8s le match entre la Suisse et le Kosovo, qui s\u2019est conclu par une victoire convaincante des Helv\u00e8tes 4:0, le FC Dardania a eu le plaisir d\u2019accueillir un invit\u00e9 de marque: le capitaine de l\u2019\u00e9quipe nationale suisse, Granit Xhaka, rapporte albinfo.ch. Xhaka a suivi de pr\u00e8s la rencontre du club, o\u00f9 son fr\u00e8re, [&hellip;]<\/p>\n","protected":false},"author":6,"featured_media":858489,"comment_status":"closed","ping_status":"closed","sticky":false,"template":"","format":"standard","meta":{"footnotes":""},"categories":[1171,24671,1169,1170],"tags":[],"vendi":[],"content_country":[31835,31838,31840],"class_list":["post-858589","post","type-post","status-publish","format-standard","has-post-thumbnail","hentry","category-thematique","category-football","category-sport-fr","category-vivre-en-suisse","content_country-austria-fr","content_country-germany-fr","content_country-zvicer-fr"],"acf":[],"_links":{"self":[{"href":"https:\/\/www.albinfo.at\/fr\/wp-json\/wp\/v2\/posts\/858589","targetHints":{"allow":["GET"]}}],"collection":[{"href":"https:\/\/www.albinfo.at\/fr\/wp-json\/wp\/v2\/posts"}],"about":[{"href":"https:\/\/www.albinfo.at\/fr\/wp-json\/wp\/v2\/types\/post"}],"author":[{"embeddable":true,"href":"https:\/\/www.albinfo.at\/fr\/wp-json\/wp\/v2\/users\/6"}],"replies":[{"embeddable":true,"href":"https:\/\/www.albinfo.at\/fr\/wp-json\/wp\/v2\/comments?post=858589"}],"version-history":[{"count":1,"href":"https:\/\/www.albinfo.at\/fr\/wp-json\/wp\/v2\/posts\/858589\/revisions"}],"predecessor-version":[{"id":858590,"href":"https:\/\/www.albinfo.at\/fr\/wp-json\/wp\/v2\/posts\/858589\/revisions\/858590"}],"wp:featuredmedia":[{"embeddable":true,"href":"https:\/\/www.albinfo.at\/fr\/wp-json\/wp\/v2\/media\/858489"}],"wp:attachment":[{"href":"https:\/\/www.albinfo.at\/fr\/wp-json\/wp\/v2\/media?parent=858589"}],"wp:term":[{"taxonomy":"category","embeddable":true,"href":"https:\/\/www.albinfo.at\/fr\/wp-json\/wp\/v2\/categories?post=858589"},{"taxonomy":"post_tag","embeddable":true,"href":"https:\/\/www.albinfo.at\/fr\/wp-json\/wp\/v2\/tags?post=858589"},{"taxonomy":"vendi","embeddable":true,"href":"https:\/\/www.albinfo.at\/fr\/wp-json\/wp\/v2\/vendi?post=858589"},{"taxonomy":"content_country","embeddable":true,"href":"https:\/\/www.albinfo.at\/fr\/wp-json\/wp\/v2\/content_country?post=858589"}],"curies":[{"name":"wp","href":"https:\/\/api.w.org\/{rel}","templated":true}]}}