{"id":858442,"date":"2025-09-06T21:06:02","date_gmt":"2025-09-06T19:06:02","guid":{"rendered":"https:\/\/www.albinfo.ch\/?p=858442"},"modified":"2025-09-06T21:07:47","modified_gmt":"2025-09-06T19:07:47","slug":"limportation-de-vehicules-electriques-augmente-au-kosovo-les-citoyens-demandent-la-suppression-des-droits-de-douane","status":"publish","type":"post","link":"https:\/\/www.albinfo.at\/fr\/limportation-de-vehicules-electriques-augmente-au-kosovo-les-citoyens-demandent-la-suppression-des-droits-de-douane\/","title":{"rendered":"L&#8217;importation de v\u00e9hicules \u00e9lectriques augmente au Kosovo, les citoyens demandent la suppression des droits de douane."},"content":{"rendered":"<p data-start=\"32\" data-end=\"439\">L\u2019importation de voitures \u00e9lectriques au Kosovo conna\u00eet une croissance continue, bien que leur part de march\u00e9 reste faible. Selon les donn\u00e9es de la Douane du Kosovo, en 2024, plus de 114 millions d\u2019euros de v\u00e9hicules \u00e9lectriques et hybrides ont \u00e9t\u00e9 import\u00e9s, tandis que rien qu\u2019entre janvier et mai 2025, 1 539 v\u00e9hicules d\u2019une valeur de plus de 56 millions d\u2019euros ont \u00e9t\u00e9 introduits, rapporte albinfo.ch.<\/p>\n<p data-start=\"441\" data-end=\"840\">Actuellement, les voitures \u00e9lectriques sont soumises \u00e0 l\u2019ensemble des taxes douani\u00e8res, droits de douane, accises et TVA. Pour les hybrides, l\u2019accise est symbolique (10 euros), tandis que pour les \u00e9lectriques, elle varie selon l\u2019ann\u00e9e de production et les sp\u00e9cifications. Selon les importateurs, c\u2019est la raison principale pour laquelle leur part de march\u00e9 atteint seulement environ 2 % du total.<\/p>\n<p data-start=\"842\" data-end=\"1238\">Le propri\u00e9taire d\u2019AutoNet, Nexhdet Abazi, souligne que le gouvernement devrait supprimer les taxes douani\u00e8res et subventionner l\u2019achat de voitures \u00e9lectriques, car le co\u00fbt actuel est \u00e9lev\u00e9 et il manque d\u2019infrastructures publiques de recharge. &#8220;Si l\u2019on se compare aux pays de la r\u00e9gion, le Kosovo a du potentiel de d\u00e9veloppement, mais l\u2019obstacle reste les politiques fiscales &#8220;, a-t-il d\u00e9clar\u00e9.<\/p>\n<p data-start=\"1240\" data-end=\"1461\">Les citoyens partagent la m\u00eame opinion, demandant la suppression des droits de douane et un soutien de l\u2019\u00c9tat. Selon eux, les voitures \u00e9lectriques sont plus \u00e9conomiques, non polluantes et am\u00e9liorent la qualit\u00e9 de l\u2019air.<\/p>\n<p data-start=\"1463\" data-end=\"1892\">Dans la r\u00e9gion et dans le monde, la tendance des voitures \u00e9lectriques est en forte croissance. Rien qu\u2019en 2024, plus de 17 millions de v\u00e9hicules \u00e9lectriques ont \u00e9t\u00e9 vendus, et en 2025, ce chiffre devrait d\u00e9passer les 20 millions, repr\u00e9sentant plus de 25 % du march\u00e9 mondial. Le Kosovo reste en retard dans ce domaine, mais le potentiel de d\u00e9veloppement est important, notamment gr\u00e2ce \u00e0 l\u2019utilisation des \u00e9nergies renouvelables.<\/p>\n","protected":false},"excerpt":{"rendered":"<p>L&#8217;importation de voitures \u00e9lectriques augmente, les citoyens demandent la suppression des douanes.<\/p>\n","protected":false},"author":6,"featured_media":818139,"comment_status":"closed","ping_status":"closed","sticky":false,"template":"","format":"standard","meta":{"footnotes":""},"categories":[23271,3949,23270,24630,1159],"tags":[],"vendi":[],"content_country":[31835,31838,31840],"class_list":["post-858442","post","type-post","status-publish","format-standard","has-post-thumbnail","hentry","category-kosovo","category-kosova-fr","category-at-balkani-fr","category-nouvelles","category-ch-balkans","content_country-austria-fr","content_country-germany-fr","content_country-zvicer-fr"],"acf":[],"_links":{"self":[{"href":"https:\/\/www.albinfo.at\/fr\/wp-json\/wp\/v2\/posts\/858442","targetHints":{"allow":["GET"]}}],"collection":[{"href":"https:\/\/www.albinfo.at\/fr\/wp-json\/wp\/v2\/posts"}],"about":[{"href":"https:\/\/www.albinfo.at\/fr\/wp-json\/wp\/v2\/types\/post"}],"author":[{"embeddable":true,"href":"https:\/\/www.albinfo.at\/fr\/wp-json\/wp\/v2\/users\/6"}],"replies":[{"embeddable":true,"href":"https:\/\/www.albinfo.at\/fr\/wp-json\/wp\/v2\/comments?post=858442"}],"version-history":[{"count":1,"href":"https:\/\/www.albinfo.at\/fr\/wp-json\/wp\/v2\/posts\/858442\/revisions"}],"predecessor-version":[{"id":858443,"href":"https:\/\/www.albinfo.at\/fr\/wp-json\/wp\/v2\/posts\/858442\/revisions\/858443"}],"wp:featuredmedia":[{"embeddable":true,"href":"https:\/\/www.albinfo.at\/fr\/wp-json\/wp\/v2\/media\/818139"}],"wp:attachment":[{"href":"https:\/\/www.albinfo.at\/fr\/wp-json\/wp\/v2\/media?parent=858442"}],"wp:term":[{"taxonomy":"category","embeddable":true,"href":"https:\/\/www.albinfo.at\/fr\/wp-json\/wp\/v2\/categories?post=858442"},{"taxonomy":"post_tag","embeddable":true,"href":"https:\/\/www.albinfo.at\/fr\/wp-json\/wp\/v2\/tags?post=858442"},{"taxonomy":"vendi","embeddable":true,"href":"https:\/\/www.albinfo.at\/fr\/wp-json\/wp\/v2\/vendi?post=858442"},{"taxonomy":"content_country","embeddable":true,"href":"https:\/\/www.albinfo.at\/fr\/wp-json\/wp\/v2\/content_country?post=858442"}],"curies":[{"name":"wp","href":"https:\/\/api.w.org\/{rel}","templated":true}]}}