{"id":858411,"date":"2025-09-06T17:25:29","date_gmt":"2025-09-06T15:25:29","guid":{"rendered":"https:\/\/www.albinfo.ch\/?p=858411"},"modified":"2025-09-06T17:26:08","modified_gmt":"2025-09-06T15:26:08","slug":"un-albanais-parmi-les-12-photos-les-plus-iconiques-de-lannee-2025-selon-la-bbc","status":"publish","type":"post","link":"https:\/\/www.albinfo.at\/fr\/un-albanais-parmi-les-12-photos-les-plus-iconiques-de-lannee-2025-selon-la-bbc\/","title":{"rendered":"Un Albanais parmi les 12 photos les plus iconiques de l&#8217;ann\u00e9e 2025, selon la BBC."},"content":{"rendered":"<p data-start=\"32\" data-end=\"451\">La BBC a inclus une image r\u00e9alis\u00e9e lors des incendies massifs qui ont ravag\u00e9 la Gr\u00e8ce cet \u00e9t\u00e9 dans la liste des 12 photographies les plus marquantes de l\u2019ann\u00e9e 2025. La photo, prise par Thanasis Stavrakis de l\u2019agence Reuters, montre le jeune Albanais de 33 ans, Oslien Mu\u00e7obega, sauvant une brebis des flammes dans la r\u00e9gion de Patras, en la transportant sur sa moto \u00e0 travers la fum\u00e9e et le feu, rapporte albinfo.ch.<\/p>\n<p data-start=\"453\" data-end=\"652\">L\u2019\u00e9v\u00e9nement s\u2019est produit en ao\u00fbt, lorsque la r\u00e9gion de l\u2019Acha\u00efe a \u00e9t\u00e9 touch\u00e9e par de vastes incendies, for\u00e7ant les habitants \u00e0 fuir et mettant en danger la vie des personnes ainsi que des animaux.<\/p>\n<p data-start=\"654\" data-end=\"988\">La BBC a qualifi\u00e9 cette photographie de &#8221; vue d\u2019une signification particuli\u00e8re &#8220;, en la comparant \u00e0 l\u2019iconographie du &#8221; Bon Pasteur &#8221; dans l\u2019art chr\u00e9tien, o\u00f9 le Christ porte un animal fragile sur ses \u00e9paules. Selon le m\u00e9dia britannique, ce lien symbolique fait de l\u2019image l\u2019un des moments les plus puissants et \u00e9mouvants de l\u2019ann\u00e9e.<\/p>\n","protected":false},"excerpt":{"rendered":"<p>La photo de l&#8217;Albanais qui a sauv\u00e9 un mouton, parmi les 12 plus importantes de l&#8217;ann\u00e9e 2025 selon la BBC.<\/p>\n","protected":false},"author":6,"featured_media":858335,"comment_status":"closed","ping_status":"closed","sticky":false,"template":"","format":"standard","meta":{"footnotes":""},"categories":[33431,23271,3943,3949,23270,24630,1159,1183,1184,1185],"tags":[],"vendi":[],"content_country":[31835,31838,31840],"class_list":["post-858411","post","type-post","status-publish","format-standard","has-post-thumbnail","hentry","category-kuriozitete-fr","category-kosovo","category-shqiperia-fr","category-kosova-fr","category-at-balkani-fr","category-nouvelles","category-ch-balkans","category-fun-fr","category-fotolajmi-fr","category-monde","content_country-austria-fr","content_country-germany-fr","content_country-zvicer-fr"],"acf":[],"_links":{"self":[{"href":"https:\/\/www.albinfo.at\/fr\/wp-json\/wp\/v2\/posts\/858411","targetHints":{"allow":["GET"]}}],"collection":[{"href":"https:\/\/www.albinfo.at\/fr\/wp-json\/wp\/v2\/posts"}],"about":[{"href":"https:\/\/www.albinfo.at\/fr\/wp-json\/wp\/v2\/types\/post"}],"author":[{"embeddable":true,"href":"https:\/\/www.albinfo.at\/fr\/wp-json\/wp\/v2\/users\/6"}],"replies":[{"embeddable":true,"href":"https:\/\/www.albinfo.at\/fr\/wp-json\/wp\/v2\/comments?post=858411"}],"version-history":[{"count":1,"href":"https:\/\/www.albinfo.at\/fr\/wp-json\/wp\/v2\/posts\/858411\/revisions"}],"predecessor-version":[{"id":858414,"href":"https:\/\/www.albinfo.at\/fr\/wp-json\/wp\/v2\/posts\/858411\/revisions\/858414"}],"wp:featuredmedia":[{"embeddable":true,"href":"https:\/\/www.albinfo.at\/fr\/wp-json\/wp\/v2\/media\/858335"}],"wp:attachment":[{"href":"https:\/\/www.albinfo.at\/fr\/wp-json\/wp\/v2\/media?parent=858411"}],"wp:term":[{"taxonomy":"category","embeddable":true,"href":"https:\/\/www.albinfo.at\/fr\/wp-json\/wp\/v2\/categories?post=858411"},{"taxonomy":"post_tag","embeddable":true,"href":"https:\/\/www.albinfo.at\/fr\/wp-json\/wp\/v2\/tags?post=858411"},{"taxonomy":"vendi","embeddable":true,"href":"https:\/\/www.albinfo.at\/fr\/wp-json\/wp\/v2\/vendi?post=858411"},{"taxonomy":"content_country","embeddable":true,"href":"https:\/\/www.albinfo.at\/fr\/wp-json\/wp\/v2\/content_country?post=858411"}],"curies":[{"name":"wp","href":"https:\/\/api.w.org\/{rel}","templated":true}]}}