{"id":858401,"date":"2025-09-06T17:08:54","date_gmt":"2025-09-06T15:08:54","guid":{"rendered":"https:\/\/www.albinfo.ch\/?p=858401"},"modified":"2025-09-06T17:08:54","modified_gmt":"2025-09-06T15:08:54","slug":"lambassade-dhonneur-de-la-macedoine-du-nord-a-geneve-est-ouverte","status":"publish","type":"post","link":"https:\/\/www.albinfo.at\/fr\/lambassade-dhonneur-de-la-macedoine-du-nord-a-geneve-est-ouverte\/","title":{"rendered":"L&#8217;ambassade d&#8217;honneur de la Mac\u00e9doine du Nord \u00e0 Gen\u00e8ve est ouverte."},"content":{"rendered":"<p data-start=\"32\" data-end=\"235\">Hier, \u00e0 Gen\u00e8ve, a \u00e9t\u00e9 inaugur\u00e9 le Consulat honoraire de la Mac\u00e9doine du Nord, une \u00e9tape importante vers le renforcement de la pr\u00e9sence diplomatique et \u00e9conomique du pays en Suisse, rapporte albinfo.ch.<\/p>\n<p data-start=\"237\" data-end=\"578\">La c\u00e9r\u00e9monie s\u2019est d\u00e9roul\u00e9e en pr\u00e9sence du ministre des Affaires \u00e9trang\u00e8res, M. Tim\u00e7o Mucunski, qui, aux c\u00f4t\u00e9s des invit\u00e9s, a annonc\u00e9 la nomination de M. Zaim Jashari en tant que consul honoraire. Jashari est une personnalit\u00e9 connue pour son engagement et sa pr\u00e9cieuse contribution au service de la communaut\u00e9 et des relations bilat\u00e9rales.<\/p>\n<p data-start=\"580\" data-end=\"789\">Le nouveau consulat servira de pont d\u2019amiti\u00e9 et de coop\u00e9ration entre la Mac\u00e9doine du Nord et la Suisse, en cr\u00e9ant de nouvelles opportunit\u00e9s dans les domaines diplomatique, \u00e9conomique et culturel. \/Albinfo.ch<\/p>\n<figure id=\"attachment_858118\" aria-describedby=\"caption-attachment-858118\" style=\"width: 500px\" class=\"wp-caption alignnone\"><a href=\"https:\/\/www.albinfo.ch\/wp-content\/uploads\/2025\/09\/img_2366.jpeg\"><img loading=\"lazy\" decoding=\"async\" class=\"wp-image-858118\" src=\"https:\/\/www.albinfo.ch\/wp-content\/uploads\/2025\/09\/img_2366-1024x682.jpeg\" alt=\"\" width=\"500\" height=\"333\" srcset=\"https:\/\/www.albinfo.at\/wp-content\/uploads\/2025\/09\/img_2366-1024x682.jpeg 1024w, https:\/\/www.albinfo.at\/wp-content\/uploads\/2025\/09\/img_2366-300x200.jpeg 300w, https:\/\/www.albinfo.at\/wp-content\/uploads\/2025\/09\/img_2366-768x512.jpeg 768w, https:\/\/www.albinfo.at\/wp-content\/uploads\/2025\/09\/img_2366-586x389.jpeg 586w, https:\/\/www.albinfo.at\/wp-content\/uploads\/2025\/09\/img_2366-210x141.jpeg 210w, https:\/\/www.albinfo.at\/wp-content\/uploads\/2025\/09\/img_2366-587x391.jpeg 587w, https:\/\/www.albinfo.at\/wp-content\/uploads\/2025\/09\/img_2366-150x100.jpeg 150w, https:\/\/www.albinfo.at\/wp-content\/uploads\/2025\/09\/img_2366-263x175.jpeg 263w, https:\/\/www.albinfo.at\/wp-content\/uploads\/2025\/09\/img_2366.jpeg 1286w\" sizes=\"auto, (max-width: 500px) 100vw, 500px\" \/><\/a><figcaption id=\"caption-attachment-858118\" class=\"wp-caption-text\">albinfo.ch<\/figcaption><\/figure>\n<figure id=\"attachment_858121\" aria-describedby=\"caption-attachment-858121\" style=\"width: 500px\" class=\"wp-caption alignnone\"><a href=\"https:\/\/www.albinfo.ch\/wp-content\/uploads\/2025\/09\/img_2367.jpeg\"><img loading=\"lazy\" decoding=\"async\" class=\"wp-image-858121\" src=\"https:\/\/www.albinfo.ch\/wp-content\/uploads\/2025\/09\/img_2367-1024x683.jpeg\" alt=\"\" width=\"500\" height=\"334\" srcset=\"https:\/\/www.albinfo.at\/wp-content\/uploads\/2025\/09\/img_2367-1024x683.jpeg 1024w, https:\/\/www.albinfo.at\/wp-content\/uploads\/2025\/09\/img_2367-300x200.jpeg 300w, https:\/\/www.albinfo.at\/wp-content\/uploads\/2025\/09\/img_2367-768x512.jpeg 768w, https:\/\/www.albinfo.at\/wp-content\/uploads\/2025\/09\/img_2367-210x141.jpeg 210w, https:\/\/www.albinfo.at\/wp-content\/uploads\/2025\/09\/img_2367-587x392.jpeg 587w, https:\/\/www.albinfo.at\/wp-content\/uploads\/2025\/09\/img_2367-150x100.jpeg 150w, https:\/\/www.albinfo.at\/wp-content\/uploads\/2025\/09\/img_2367-262x175.jpeg 262w, https:\/\/www.albinfo.at\/wp-content\/uploads\/2025\/09\/img_2367.jpeg 1286w\" sizes=\"auto, (max-width: 500px) 100vw, 500px\" \/><\/a><figcaption id=\"caption-attachment-858121\" class=\"wp-caption-text\">albinfo.ch<\/figcaption><\/figure>\n<figure id=\"attachment_858124\" aria-describedby=\"caption-attachment-858124\" style=\"width: 500px\" class=\"wp-caption alignnone\"><a href=\"https:\/\/www.albinfo.ch\/wp-content\/uploads\/2025\/09\/img_2368.jpeg\"><img loading=\"lazy\" decoding=\"async\" class=\"wp-image-858124\" src=\"https:\/\/www.albinfo.ch\/wp-content\/uploads\/2025\/09\/img_2368-1024x682.jpeg\" alt=\"\" width=\"500\" height=\"333\" srcset=\"https:\/\/www.albinfo.at\/wp-content\/uploads\/2025\/09\/img_2368-1024x682.jpeg 1024w, https:\/\/www.albinfo.at\/wp-content\/uploads\/2025\/09\/img_2368-300x200.jpeg 300w, https:\/\/www.albinfo.at\/wp-content\/uploads\/2025\/09\/img_2368-768x512.jpeg 768w, https:\/\/www.albinfo.at\/wp-content\/uploads\/2025\/09\/img_2368-586x389.jpeg 586w, https:\/\/www.albinfo.at\/wp-content\/uploads\/2025\/09\/img_2368-210x141.jpeg 210w, https:\/\/www.albinfo.at\/wp-content\/uploads\/2025\/09\/img_2368-587x391.jpeg 587w, https:\/\/www.albinfo.at\/wp-content\/uploads\/2025\/09\/img_2368-150x100.jpeg 150w, https:\/\/www.albinfo.at\/wp-content\/uploads\/2025\/09\/img_2368-263x175.jpeg 263w, https:\/\/www.albinfo.at\/wp-content\/uploads\/2025\/09\/img_2368.jpeg 1286w\" sizes=\"auto, (max-width: 500px) 100vw, 500px\" \/><\/a><figcaption id=\"caption-attachment-858124\" class=\"wp-caption-text\">albinfo.ch<\/figcaption><\/figure>\n<figure id=\"attachment_858127\" aria-describedby=\"caption-attachment-858127\" style=\"width: 495px\" class=\"wp-caption alignnone\"><a href=\"https:\/\/www.albinfo.ch\/wp-content\/uploads\/2025\/09\/img_2369.jpeg\"><img loading=\"lazy\" decoding=\"async\" class=\"wp-image-858127\" src=\"https:\/\/www.albinfo.ch\/wp-content\/uploads\/2025\/09\/img_2369-300x200.jpeg\" alt=\"\" width=\"495\" height=\"330\" srcset=\"https:\/\/www.albinfo.at\/wp-content\/uploads\/2025\/09\/img_2369-300x200.jpeg 300w, https:\/\/www.albinfo.at\/wp-content\/uploads\/2025\/09\/img_2369-768x512.jpeg 768w, https:\/\/www.albinfo.at\/wp-content\/uploads\/2025\/09\/img_2369-586x389.jpeg 586w, https:\/\/www.albinfo.at\/wp-content\/uploads\/2025\/09\/img_2369-210x141.jpeg 210w, https:\/\/www.albinfo.at\/wp-content\/uploads\/2025\/09\/img_2369-587x391.jpeg 587w, https:\/\/www.albinfo.at\/wp-content\/uploads\/2025\/09\/img_2369-150x100.jpeg 150w, https:\/\/www.albinfo.at\/wp-content\/uploads\/2025\/09\/img_2369-263x175.jpeg 263w, https:\/\/www.albinfo.at\/wp-content\/uploads\/2025\/09\/img_2369.jpeg 960w\" sizes=\"auto, (max-width: 495px) 100vw, 495px\" \/><\/a><figcaption id=\"caption-attachment-858127\" class=\"wp-caption-text\">albinfo.ch<\/figcaption><\/figure>\n","protected":false},"excerpt":{"rendered":"<p>Hier, \u00e0 Gen\u00e8ve, a \u00e9t\u00e9 inaugur\u00e9 le Consulat honoraire de la Mac\u00e9doine du Nord, une \u00e9tape importante vers le renforcement de la pr\u00e9sence diplomatique et \u00e9conomique du pays en Suisse, rapporte albinfo.ch. La c\u00e9r\u00e9monie s\u2019est d\u00e9roul\u00e9e en pr\u00e9sence du ministre des Affaires \u00e9trang\u00e8res, M. Tim\u00e7o Mucunski, qui, aux c\u00f4t\u00e9s des invit\u00e9s, a annonc\u00e9 la nomination [&hellip;]<\/p>\n","protected":false},"author":6,"featured_media":858116,"comment_status":"closed","ping_status":"closed","sticky":false,"template":"","format":"standard","meta":{"footnotes":""},"categories":[33083,24627,24637,23273,23270,24624,24630,1159,1163],"tags":[],"vendi":[],"content_country":[31835,31838,31840],"class_list":["post-858401","post","type-post","status-publish","format-standard","has-post-thumbnail","hentry","category-de-balkani-fr","category-macedoine-du-nord-fr-2","category-nouvelles-fr-4","category-macedoine-du-nord","category-at-balkani-fr","category-macedoine-du-nord-fr","category-nouvelles","category-ch-balkans","category-fr-e-diaspora","content_country-austria-fr","content_country-germany-fr","content_country-zvicer-fr"],"acf":[],"_links":{"self":[{"href":"https:\/\/www.albinfo.at\/fr\/wp-json\/wp\/v2\/posts\/858401","targetHints":{"allow":["GET"]}}],"collection":[{"href":"https:\/\/www.albinfo.at\/fr\/wp-json\/wp\/v2\/posts"}],"about":[{"href":"https:\/\/www.albinfo.at\/fr\/wp-json\/wp\/v2\/types\/post"}],"author":[{"embeddable":true,"href":"https:\/\/www.albinfo.at\/fr\/wp-json\/wp\/v2\/users\/6"}],"replies":[{"embeddable":true,"href":"https:\/\/www.albinfo.at\/fr\/wp-json\/wp\/v2\/comments?post=858401"}],"version-history":[{"count":1,"href":"https:\/\/www.albinfo.at\/fr\/wp-json\/wp\/v2\/posts\/858401\/revisions"}],"predecessor-version":[{"id":858402,"href":"https:\/\/www.albinfo.at\/fr\/wp-json\/wp\/v2\/posts\/858401\/revisions\/858402"}],"wp:featuredmedia":[{"embeddable":true,"href":"https:\/\/www.albinfo.at\/fr\/wp-json\/wp\/v2\/media\/858116"}],"wp:attachment":[{"href":"https:\/\/www.albinfo.at\/fr\/wp-json\/wp\/v2\/media?parent=858401"}],"wp:term":[{"taxonomy":"category","embeddable":true,"href":"https:\/\/www.albinfo.at\/fr\/wp-json\/wp\/v2\/categories?post=858401"},{"taxonomy":"post_tag","embeddable":true,"href":"https:\/\/www.albinfo.at\/fr\/wp-json\/wp\/v2\/tags?post=858401"},{"taxonomy":"vendi","embeddable":true,"href":"https:\/\/www.albinfo.at\/fr\/wp-json\/wp\/v2\/vendi?post=858401"},{"taxonomy":"content_country","embeddable":true,"href":"https:\/\/www.albinfo.at\/fr\/wp-json\/wp\/v2\/content_country?post=858401"}],"curies":[{"name":"wp","href":"https:\/\/api.w.org\/{rel}","templated":true}]}}