{"id":858071,"date":"2025-09-05T23:20:28","date_gmt":"2025-09-05T21:20:28","guid":{"rendered":"https:\/\/www.albinfo.ch\/?p=858071"},"modified":"2025-09-05T23:21:34","modified_gmt":"2025-09-05T21:21:34","slug":"la-suisse-commence-par-une-victoire-convaincante-contre-le-kosovo","status":"publish","type":"post","link":"https:\/\/www.albinfo.at\/fr\/la-suisse-commence-par-une-victoire-convaincante-contre-le-kosovo\/","title":{"rendered":"La Suisse commence par une victoire convaincante contre le Kosovo"},"content":{"rendered":"<p data-start=\"32\" data-end=\"143\">La Suisse a largement battu le Kosovo 4-0 lors du premier match de qualification pour la Coupe du monde 2026.<\/p>\n<p data-start=\"145\" data-end=\"318\">Tout s\u2019est jou\u00e9 en premi\u00e8re mi-temps, o\u00f9 la Nati a domin\u00e9 sans appel, alors que les Dardan\u00ebt ont tout de m\u00eame b\u00e9n\u00e9fici\u00e9 d\u2019un soutien massif des supporters albanais \u00e0 B\u00e2le.<\/p>\n<p data-start=\"320\" data-end=\"597\">\u00c0 la 22e minute, Manuel Akanji a ouvert le score d\u2019une t\u00eate dans la surface, \u00e9crit albinfo.ch. Trois minutes plus tard, Breel Embolo a inscrit le deuxi\u00e8me but. Silvan Widmer a marqu\u00e9 le troisi\u00e8me \u00e0 la 39e minute, et Embolo a sign\u00e9 son doubl\u00e9 \u00e0 la 45e, portant le score \u00e0 4-0.<\/p>\n<p data-start=\"599\" data-end=\"783\">Lors du prochain match, le 8 septembre, la Suisse accueillera la Slov\u00e9nie, tandis que le Kosovo recevra la Su\u00e8de \u00e0 Pristina. La Slov\u00e9nie et la Su\u00e8de se sont neutralis\u00e9es 2-2 ce soir.<\/p>\n<p><iframe loading=\"lazy\" style=\"border: none; overflow: hidden;\" src=\"https:\/\/www.facebook.com\/plugins\/post.php?href=https%3A%2F%2Fwww.facebook.com%2Falbinfo.ch%2Fposts%2F1209459964554245&amp;show_text=true&amp;width=500\" width=\"500\" height=\"670\" frameborder=\"0\" scrolling=\"no\" allowfullscreen=\"allowfullscreen\" data-mce-fragment=\"1\"><\/iframe><\/p>\n","protected":false},"excerpt":{"rendered":"<p>La Suisse a commenc\u00e9 la campagne de qualification pour la Coupe du Monde par une victoire \u00e9crasante contre le Kosovo 4-0.<\/p>\n","protected":false},"author":6,"featured_media":858023,"comment_status":"closed","ping_status":"closed","sticky":false,"template":"","format":"standard","meta":{"footnotes":""},"categories":[24671,1169],"tags":[],"vendi":[],"content_country":[31835,31838,31840],"class_list":["post-858071","post","type-post","status-publish","format-standard","has-post-thumbnail","hentry","category-football","category-sport-fr","content_country-austria-fr","content_country-germany-fr","content_country-zvicer-fr"],"acf":[],"_links":{"self":[{"href":"https:\/\/www.albinfo.at\/fr\/wp-json\/wp\/v2\/posts\/858071","targetHints":{"allow":["GET"]}}],"collection":[{"href":"https:\/\/www.albinfo.at\/fr\/wp-json\/wp\/v2\/posts"}],"about":[{"href":"https:\/\/www.albinfo.at\/fr\/wp-json\/wp\/v2\/types\/post"}],"author":[{"embeddable":true,"href":"https:\/\/www.albinfo.at\/fr\/wp-json\/wp\/v2\/users\/6"}],"replies":[{"embeddable":true,"href":"https:\/\/www.albinfo.at\/fr\/wp-json\/wp\/v2\/comments?post=858071"}],"version-history":[{"count":1,"href":"https:\/\/www.albinfo.at\/fr\/wp-json\/wp\/v2\/posts\/858071\/revisions"}],"predecessor-version":[{"id":858072,"href":"https:\/\/www.albinfo.at\/fr\/wp-json\/wp\/v2\/posts\/858071\/revisions\/858072"}],"wp:featuredmedia":[{"embeddable":true,"href":"https:\/\/www.albinfo.at\/fr\/wp-json\/wp\/v2\/media\/858023"}],"wp:attachment":[{"href":"https:\/\/www.albinfo.at\/fr\/wp-json\/wp\/v2\/media?parent=858071"}],"wp:term":[{"taxonomy":"category","embeddable":true,"href":"https:\/\/www.albinfo.at\/fr\/wp-json\/wp\/v2\/categories?post=858071"},{"taxonomy":"post_tag","embeddable":true,"href":"https:\/\/www.albinfo.at\/fr\/wp-json\/wp\/v2\/tags?post=858071"},{"taxonomy":"vendi","embeddable":true,"href":"https:\/\/www.albinfo.at\/fr\/wp-json\/wp\/v2\/vendi?post=858071"},{"taxonomy":"content_country","embeddable":true,"href":"https:\/\/www.albinfo.at\/fr\/wp-json\/wp\/v2\/content_country?post=858071"}],"curies":[{"name":"wp","href":"https:\/\/api.w.org\/{rel}","templated":true}]}}