{"id":854914,"date":"2025-08-24T22:03:25","date_gmt":"2025-08-24T20:03:25","guid":{"rendered":"https:\/\/www.albinfo.ch\/?p=854914"},"modified":"2025-08-24T22:03:25","modified_gmt":"2025-08-24T20:03:25","slug":"la-presidente-vjosa-osmani-inspiree-par-le-dialogue-avec-les-jeunes-au-forum-dalpbach-en-autriche","status":"publish","type":"post","link":"https:\/\/www.albinfo.at\/fr\/la-presidente-vjosa-osmani-inspiree-par-le-dialogue-avec-les-jeunes-au-forum-dalpbach-en-autriche\/","title":{"rendered":"La pr\u00e9sidente Vjosa Osmani inspir\u00e9e par le dialogue avec les jeunes au Forum d\u2019Alpbach en Autriche"},"content":{"rendered":"<p data-start=\"115\" data-end=\"371\">La pr\u00e9sidente de la R\u00e9publique du Kosovo, Vjosa Osmani, a soulign\u00e9 qu\u2019il est toujours inspirant de participer au dialogue avec des jeunes femmes et hommes d\u2019exception lors du Forum d\u2019Alpbach en Autriche, appel\u00e9s \u00e0 devenir les futurs dirigeants de l\u2019Europe.<\/p>\n<p data-start=\"373\" data-end=\"1040\">Dans son r\u00e9capitulatif, la pr\u00e9sidente Osmani a mis en avant le r\u00f4le du Kosovo en tant que contributeur actif \u00e0 la paix et \u00e0 la s\u00e9curit\u00e9, ainsi que la n\u00e9cessit\u00e9 d\u2019une coop\u00e9ration transatlantique et du retour de l\u2019Europe \u00e0 ses valeurs d\u00e9mocratiques, rapporte albinfo.ch.<\/p>\n<p><a href=\"https:\/\/www.albinfo.ch\/wp-content\/uploads\/2025\/08\/screenshot_20250824_133451_gmail.jpg\"><img loading=\"lazy\" decoding=\"async\" class=\"alignnone size-large wp-image-854835\" src=\"https:\/\/www.albinfo.ch\/wp-content\/uploads\/2025\/08\/screenshot_20250824_133451_gmail-1024x656.jpg\" alt=\"\" width=\"640\" height=\"410\" srcset=\"https:\/\/www.albinfo.at\/wp-content\/uploads\/2025\/08\/screenshot_20250824_133451_gmail-1024x656.jpg 1024w, https:\/\/www.albinfo.at\/wp-content\/uploads\/2025\/08\/screenshot_20250824_133451_gmail-300x191.jpg 300w, https:\/\/www.albinfo.at\/wp-content\/uploads\/2025\/08\/screenshot_20250824_133451_gmail-768x492.jpg 768w, https:\/\/www.albinfo.at\/wp-content\/uploads\/2025\/08\/screenshot_20250824_133451_gmail-87x56.jpg 87w, https:\/\/www.albinfo.at\/wp-content\/uploads\/2025\/08\/screenshot_20250824_133451_gmail-587x376.jpg 587w, https:\/\/www.albinfo.at\/wp-content\/uploads\/2025\/08\/screenshot_20250824_133451_gmail-156x100.jpg 156w, https:\/\/www.albinfo.at\/wp-content\/uploads\/2025\/08\/screenshot_20250824_133451_gmail-265x170.jpg 265w, https:\/\/www.albinfo.at\/wp-content\/uploads\/2025\/08\/screenshot_20250824_133451_gmail.jpg 1080w\" sizes=\"auto, (max-width: 640px) 100vw, 640px\" \/><\/a><\/p>\n<p>Elle a soulign\u00e9 que la d\u00e9fense de ces valeurs doit s\u2019accompagner non seulement de paroles, mais aussi d\u2019actions, en se tenant aux c\u00f4t\u00e9s de ceux qui les d\u00e9fendent et en ouvrant les portes du Kosovo aux \u00c9tats qui \u0153uvrent au m\u00eame objectif.<\/p>\n<p><a href=\"https:\/\/www.albinfo.ch\/wp-content\/uploads\/2025\/08\/screenshot_20250824_133503_gmail.jpg\"><img loading=\"lazy\" decoding=\"async\" class=\"alignnone size-large wp-image-854838\" src=\"https:\/\/www.albinfo.ch\/wp-content\/uploads\/2025\/08\/screenshot_20250824_133503_gmail-1024x649.jpg\" alt=\"\" width=\"640\" height=\"406\" srcset=\"https:\/\/www.albinfo.at\/wp-content\/uploads\/2025\/08\/screenshot_20250824_133503_gmail-1024x649.jpg 1024w, https:\/\/www.albinfo.at\/wp-content\/uploads\/2025\/08\/screenshot_20250824_133503_gmail-300x191.jpg 300w, https:\/\/www.albinfo.at\/wp-content\/uploads\/2025\/08\/screenshot_20250824_133503_gmail-768x486.jpg 768w, https:\/\/www.albinfo.at\/wp-content\/uploads\/2025\/08\/screenshot_20250824_133503_gmail-87x56.jpg 87w, https:\/\/www.albinfo.at\/wp-content\/uploads\/2025\/08\/screenshot_20250824_133503_gmail-587x372.jpg 587w, https:\/\/www.albinfo.at\/wp-content\/uploads\/2025\/08\/screenshot_20250824_133503_gmail-420x266.jpg 420w, https:\/\/www.albinfo.at\/wp-content\/uploads\/2025\/08\/screenshot_20250824_133503_gmail-630x400.jpg 630w, https:\/\/www.albinfo.at\/wp-content\/uploads\/2025\/08\/screenshot_20250824_133503_gmail-158x100.jpg 158w, https:\/\/www.albinfo.at\/wp-content\/uploads\/2025\/08\/screenshot_20250824_133503_gmail-265x168.jpg 265w, https:\/\/www.albinfo.at\/wp-content\/uploads\/2025\/08\/screenshot_20250824_133503_gmail.jpg 1080w\" sizes=\"auto, (max-width: 640px) 100vw, 640px\" \/><\/a><\/p>\n<p>Ce forum est une occasion de partager des id\u00e9es et des exp\u00e9riences, en construisant des ponts de coop\u00e9ration entre les jeunes europ\u00e9ens et le leadership mondial.<\/p>\n<p>&nbsp;<\/p>\n","protected":false},"excerpt":{"rendered":"<p>La pr\u00e9sidente de la R\u00e9publique du Kosovo, Vjosa Osmani, a soulign\u00e9 qu\u2019il est toujours inspirant de participer au dialogue avec des jeunes femmes et hommes d\u2019exception lors du Forum d\u2019Alpbach en Autriche, appel\u00e9s \u00e0 devenir les futurs dirigeants de l\u2019Europe. Dans son r\u00e9capitulatif, la pr\u00e9sidente Osmani a mis en avant le r\u00f4le du Kosovo en [&hellip;]<\/p>\n","protected":false},"author":6,"featured_media":854833,"comment_status":"closed","ping_status":"closed","sticky":false,"template":"","format":"standard","meta":{"footnotes":""},"categories":[33083,23271,1160,3949,23277,23270,24620,24630,24634,1159],"tags":[],"vendi":[],"content_country":[31835,31838,31840],"class_list":["post-854914","post","type-post","status-publish","format-standard","has-post-thumbnail","hentry","category-de-balkani-fr","category-kosovo","category-actuel","category-kosova-fr","category-news-fr","category-at-balkani-fr","category-kosova-fr-2","category-nouvelles","category-nouvelles-fr-3","category-ch-balkans","content_country-austria-fr","content_country-germany-fr","content_country-zvicer-fr"],"acf":[],"_links":{"self":[{"href":"https:\/\/www.albinfo.at\/fr\/wp-json\/wp\/v2\/posts\/854914","targetHints":{"allow":["GET"]}}],"collection":[{"href":"https:\/\/www.albinfo.at\/fr\/wp-json\/wp\/v2\/posts"}],"about":[{"href":"https:\/\/www.albinfo.at\/fr\/wp-json\/wp\/v2\/types\/post"}],"author":[{"embeddable":true,"href":"https:\/\/www.albinfo.at\/fr\/wp-json\/wp\/v2\/users\/6"}],"replies":[{"embeddable":true,"href":"https:\/\/www.albinfo.at\/fr\/wp-json\/wp\/v2\/comments?post=854914"}],"version-history":[{"count":1,"href":"https:\/\/www.albinfo.at\/fr\/wp-json\/wp\/v2\/posts\/854914\/revisions"}],"predecessor-version":[{"id":854915,"href":"https:\/\/www.albinfo.at\/fr\/wp-json\/wp\/v2\/posts\/854914\/revisions\/854915"}],"wp:featuredmedia":[{"embeddable":true,"href":"https:\/\/www.albinfo.at\/fr\/wp-json\/wp\/v2\/media\/854833"}],"wp:attachment":[{"href":"https:\/\/www.albinfo.at\/fr\/wp-json\/wp\/v2\/media?parent=854914"}],"wp:term":[{"taxonomy":"category","embeddable":true,"href":"https:\/\/www.albinfo.at\/fr\/wp-json\/wp\/v2\/categories?post=854914"},{"taxonomy":"post_tag","embeddable":true,"href":"https:\/\/www.albinfo.at\/fr\/wp-json\/wp\/v2\/tags?post=854914"},{"taxonomy":"vendi","embeddable":true,"href":"https:\/\/www.albinfo.at\/fr\/wp-json\/wp\/v2\/vendi?post=854914"},{"taxonomy":"content_country","embeddable":true,"href":"https:\/\/www.albinfo.at\/fr\/wp-json\/wp\/v2\/content_country?post=854914"}],"curies":[{"name":"wp","href":"https:\/\/api.w.org\/{rel}","templated":true}]}}