{"id":853585,"date":"2025-08-18T22:35:53","date_gmt":"2025-08-18T20:35:53","guid":{"rendered":"https:\/\/www.albinfo.ch\/?p=853585"},"modified":"2025-08-18T22:36:51","modified_gmt":"2025-08-18T20:36:51","slug":"kosovo-la-cour-constitutionnelle-publie-larret-integral-sur-lassemblee","status":"publish","type":"post","link":"https:\/\/www.albinfo.at\/fr\/kosovo-la-cour-constitutionnelle-publie-larret-integral-sur-lassemblee\/","title":{"rendered":"Kosovo: la Cour constitutionnelle publie l\u2019arr\u00eat int\u00e9gral sur l\u2019Assembl\u00e9e"},"content":{"rendered":"<p>La Cour constitutionnelle du Kosovo a publi\u00e9 aujourd\u2019hui l\u2019arr\u00eat int\u00e9gral relatif \u00e0 l\u2019impasse concernant la constitution de l\u2019Assembl\u00e9e.<\/p>\n<p>L\u2019arr\u00eat pr\u00e9cise que le pr\u00e9sident de la s\u00e9ance constitutive, Avni Dehari, doit passer au point 3 de l\u2019ordre du jour adopt\u00e9 le 8 avril 2025 et inviter le repr\u00e9sentant du plus grand groupe parlementaire \u00e0 proposer un(e) candidat(e) \u00e0 la pr\u00e9sidence de l\u2019Assembl\u00e9e de la R\u00e9publique du Kosovo. L\u2019\u00e9lection se tient par vote ouvert et peut \u00eatre organis\u00e9e au maximum trois fois pour le\/la m\u00eame candidat(e).<br data-start=\"1658\" data-end=\"1661\" \/>La Cour indique en outre que les d\u00e9put\u00e9s \u00e9lus doivent \u00e9lire la pr\u00e9sidente\/le pr\u00e9sident et les vice-pr\u00e9sident(e)s de l\u2019Assembl\u00e9e, conform\u00e9ment aux points 3 et 4 de l\u2019ordre du jour de la s\u00e9ance constitutive, dans un d\u00e9lai de 30 jours \u00e0 compter de l\u2019entr\u00e9e en vigueur de cet arr\u00eat.<\/p>\n<p><a href=\"https:\/\/www.albinfo.ch\/wp-content\/uploads\/2025\/08\/vendimi.png\"><img loading=\"lazy\" decoding=\"async\" class=\"alignnone size-large wp-image-853488\" src=\"https:\/\/www.albinfo.ch\/wp-content\/uploads\/2025\/08\/vendimi.png\" alt=\"\" width=\"640\" height=\"557\" srcset=\"https:\/\/www.albinfo.at\/wp-content\/uploads\/2025\/08\/vendimi.png 758w, https:\/\/www.albinfo.at\/wp-content\/uploads\/2025\/08\/vendimi-300x261.png 300w, https:\/\/www.albinfo.at\/wp-content\/uploads\/2025\/08\/vendimi-455x396.png 455w, https:\/\/www.albinfo.at\/wp-content\/uploads\/2025\/08\/vendimi-115x100.png 115w, https:\/\/www.albinfo.at\/wp-content\/uploads\/2025\/08\/vendimi-201x175.png 201w\" sizes=\"auto, (max-width: 640px) 100vw, 640px\" \/><\/a> <a href=\"https:\/\/www.albinfo.ch\/wp-content\/uploads\/2025\/08\/vendimi2.png\"><img loading=\"lazy\" decoding=\"async\" class=\"alignnone size-large wp-image-853491\" src=\"https:\/\/www.albinfo.ch\/wp-content\/uploads\/2025\/08\/vendimi2.png\" alt=\"\" width=\"640\" height=\"527\" srcset=\"https:\/\/www.albinfo.at\/wp-content\/uploads\/2025\/08\/vendimi2.png 785w, https:\/\/www.albinfo.at\/wp-content\/uploads\/2025\/08\/vendimi2-300x247.png 300w, https:\/\/www.albinfo.at\/wp-content\/uploads\/2025\/08\/vendimi2-768x632.png 768w, https:\/\/www.albinfo.at\/wp-content\/uploads\/2025\/08\/vendimi2-481x396.png 481w, https:\/\/www.albinfo.at\/wp-content\/uploads\/2025\/08\/vendimi2-122x100.png 122w, https:\/\/www.albinfo.at\/wp-content\/uploads\/2025\/08\/vendimi2-213x175.png 213w\" sizes=\"auto, (max-width: 640px) 100vw, 640px\" \/><\/a><\/p>\n","protected":false},"excerpt":{"rendered":"<p>La Cour constitutionnelle du Kosovo a publi\u00e9 aujourd\u2019hui l\u2019arr\u00eat int\u00e9gral relatif \u00e0 l\u2019impasse concernant la constitution de l\u2019Assembl\u00e9e. L\u2019arr\u00eat pr\u00e9cise que le pr\u00e9sident de la s\u00e9ance constitutive, Avni Dehari, doit passer au point 3 de l\u2019ordre du jour adopt\u00e9 le 8 avril 2025 et inviter le repr\u00e9sentant du plus grand groupe parlementaire \u00e0 proposer un(e) [&hellip;]<\/p>\n","protected":false},"author":6,"featured_media":831010,"comment_status":"closed","ping_status":"closed","sticky":false,"template":"","format":"standard","meta":{"footnotes":""},"categories":[33083,23271,1160,3949,23277,23270,24620,24630,24634,1159],"tags":[],"vendi":[],"content_country":[31835,31838,31840],"class_list":["post-853585","post","type-post","status-publish","format-standard","has-post-thumbnail","hentry","category-de-balkani-fr","category-kosovo","category-actuel","category-kosova-fr","category-news-fr","category-at-balkani-fr","category-kosova-fr-2","category-nouvelles","category-nouvelles-fr-3","category-ch-balkans","content_country-austria-fr","content_country-germany-fr","content_country-zvicer-fr"],"acf":[],"_links":{"self":[{"href":"https:\/\/www.albinfo.at\/fr\/wp-json\/wp\/v2\/posts\/853585","targetHints":{"allow":["GET"]}}],"collection":[{"href":"https:\/\/www.albinfo.at\/fr\/wp-json\/wp\/v2\/posts"}],"about":[{"href":"https:\/\/www.albinfo.at\/fr\/wp-json\/wp\/v2\/types\/post"}],"author":[{"embeddable":true,"href":"https:\/\/www.albinfo.at\/fr\/wp-json\/wp\/v2\/users\/6"}],"replies":[{"embeddable":true,"href":"https:\/\/www.albinfo.at\/fr\/wp-json\/wp\/v2\/comments?post=853585"}],"version-history":[{"count":1,"href":"https:\/\/www.albinfo.at\/fr\/wp-json\/wp\/v2\/posts\/853585\/revisions"}],"predecessor-version":[{"id":853586,"href":"https:\/\/www.albinfo.at\/fr\/wp-json\/wp\/v2\/posts\/853585\/revisions\/853586"}],"wp:featuredmedia":[{"embeddable":true,"href":"https:\/\/www.albinfo.at\/fr\/wp-json\/wp\/v2\/media\/831010"}],"wp:attachment":[{"href":"https:\/\/www.albinfo.at\/fr\/wp-json\/wp\/v2\/media?parent=853585"}],"wp:term":[{"taxonomy":"category","embeddable":true,"href":"https:\/\/www.albinfo.at\/fr\/wp-json\/wp\/v2\/categories?post=853585"},{"taxonomy":"post_tag","embeddable":true,"href":"https:\/\/www.albinfo.at\/fr\/wp-json\/wp\/v2\/tags?post=853585"},{"taxonomy":"vendi","embeddable":true,"href":"https:\/\/www.albinfo.at\/fr\/wp-json\/wp\/v2\/vendi?post=853585"},{"taxonomy":"content_country","embeddable":true,"href":"https:\/\/www.albinfo.at\/fr\/wp-json\/wp\/v2\/content_country?post=853585"}],"curies":[{"name":"wp","href":"https:\/\/api.w.org\/{rel}","templated":true}]}}