{"id":853577,"date":"2025-08-18T22:21:41","date_gmt":"2025-08-18T20:21:41","guid":{"rendered":"https:\/\/www.albinfo.ch\/?p=853577"},"modified":"2025-08-18T22:22:27","modified_gmt":"2025-08-18T20:22:27","slug":"le-premier-ministre-du-kosovo-nous-avons-toujours-respecte-les-arrets-de-la-cour-constitutionnelle","status":"publish","type":"post","link":"https:\/\/www.albinfo.at\/fr\/le-premier-ministre-du-kosovo-nous-avons-toujours-respecte-les-arrets-de-la-cour-constitutionnelle\/","title":{"rendered":"Le Premier ministre du Kosovo: Nous avons toujours respect\u00e9 les arr\u00eats de la Cour constitutionnelle"},"content":{"rendered":"<p data-start=\"195\" data-end=\"372\">Le Premier ministre par int\u00e9rim du Kosovo, Albin Kurti, a d\u00e9clar\u00e9 que lui et l\u2019ex\u00e9cutif qu\u2019il dirige ont respect\u00e9 tous les arr\u00eats rendus par la Cour constitutionnelle du Kosovo.<\/p>\n<p data-start=\"374\" data-end=\"1036\" data-is-last-node=\"\" data-is-only-node=\"\">Interrog\u00e9 pour savoir s\u2019il respecterait la d\u00e9cision de la Cour relative \u00e0 la constitution de l\u2019Assembl\u00e9e, Kurti a d\u00e9clar\u00e9:<\/p>\n<p data-start=\"374\" data-end=\"1036\" data-is-last-node=\"\" data-is-only-node=\"\">&#8221; Il n\u2019existe aucun arr\u00eat de la Cour constitutionnelle que le gouvernement du Kosovo, avec moi comme Premier ministre, n\u2019ait pas respect\u00e9. Et il n\u2019existe aucun arr\u00eat que je n\u2019aie pas respect\u00e9 non plus en tant que pr\u00e9sident de Vet\u00ebvendosje, le plus grand parti du pays et au Parlement. Mais lorsqu\u2019on me demande \u00e0 nouveau si je respecterai l\u2019arr\u00eat de la Cour constitutionnelle, cela me fait penser qu\u2019il pourrait \u00eatre exceptionnellement injuste, intol\u00e9rable, au point que nous devrions peut-\u00eatre envisager ce qu\u2019il convient de faire. &#8220;<\/p>\n","protected":false},"excerpt":{"rendered":"<p>Le Premier ministre par int\u00e9rim du Kosovo, Albin Kurti, a d\u00e9clar\u00e9 que lui et l\u2019ex\u00e9cutif qu\u2019il dirige ont respect\u00e9 tous les arr\u00eats rendus par la Cour constitutionnelle du Kosovo. Interrog\u00e9 pour savoir s\u2019il respecterait la d\u00e9cision de la Cour relative \u00e0 la constitution de l\u2019Assembl\u00e9e, Kurti a d\u00e9clar\u00e9: &#8221; Il n\u2019existe aucun arr\u00eat de la [&hellip;]<\/p>\n","protected":false},"author":6,"featured_media":649817,"comment_status":"closed","ping_status":"closed","sticky":false,"template":"","format":"standard","meta":{"footnotes":""},"categories":[33083,23271,1160,3949,23277,23270,24620,24630,24634,1159],"tags":[],"vendi":[],"content_country":[31835,31838,31840],"class_list":["post-853577","post","type-post","status-publish","format-standard","has-post-thumbnail","hentry","category-de-balkani-fr","category-kosovo","category-actuel","category-kosova-fr","category-news-fr","category-at-balkani-fr","category-kosova-fr-2","category-nouvelles","category-nouvelles-fr-3","category-ch-balkans","content_country-austria-fr","content_country-germany-fr","content_country-zvicer-fr"],"acf":[],"_links":{"self":[{"href":"https:\/\/www.albinfo.at\/fr\/wp-json\/wp\/v2\/posts\/853577","targetHints":{"allow":["GET"]}}],"collection":[{"href":"https:\/\/www.albinfo.at\/fr\/wp-json\/wp\/v2\/posts"}],"about":[{"href":"https:\/\/www.albinfo.at\/fr\/wp-json\/wp\/v2\/types\/post"}],"author":[{"embeddable":true,"href":"https:\/\/www.albinfo.at\/fr\/wp-json\/wp\/v2\/users\/6"}],"replies":[{"embeddable":true,"href":"https:\/\/www.albinfo.at\/fr\/wp-json\/wp\/v2\/comments?post=853577"}],"version-history":[{"count":1,"href":"https:\/\/www.albinfo.at\/fr\/wp-json\/wp\/v2\/posts\/853577\/revisions"}],"predecessor-version":[{"id":853578,"href":"https:\/\/www.albinfo.at\/fr\/wp-json\/wp\/v2\/posts\/853577\/revisions\/853578"}],"wp:featuredmedia":[{"embeddable":true,"href":"https:\/\/www.albinfo.at\/fr\/wp-json\/wp\/v2\/media\/649817"}],"wp:attachment":[{"href":"https:\/\/www.albinfo.at\/fr\/wp-json\/wp\/v2\/media?parent=853577"}],"wp:term":[{"taxonomy":"category","embeddable":true,"href":"https:\/\/www.albinfo.at\/fr\/wp-json\/wp\/v2\/categories?post=853577"},{"taxonomy":"post_tag","embeddable":true,"href":"https:\/\/www.albinfo.at\/fr\/wp-json\/wp\/v2\/tags?post=853577"},{"taxonomy":"vendi","embeddable":true,"href":"https:\/\/www.albinfo.at\/fr\/wp-json\/wp\/v2\/vendi?post=853577"},{"taxonomy":"content_country","embeddable":true,"href":"https:\/\/www.albinfo.at\/fr\/wp-json\/wp\/v2\/content_country?post=853577"}],"curies":[{"name":"wp","href":"https:\/\/api.w.org\/{rel}","templated":true}]}}