{"id":853307,"date":"2025-08-17T20:29:38","date_gmt":"2025-08-17T18:29:38","guid":{"rendered":"https:\/\/www.albinfo.ch\/?p=853307"},"modified":"2025-08-18T11:40:55","modified_gmt":"2025-08-18T09:40:55","slug":"historique-des-arbitres-kosovars-pour-la-premiere-fois-en-phase-de-play-off-de-luefa","status":"publish","type":"post","link":"https:\/\/www.albinfo.at\/fr\/historique-des-arbitres-kosovars-pour-la-premiere-fois-en-phase-de-play-off-de-luefa\/","title":{"rendered":"Historique: Des arbitres kosovars pour la premi\u00e8re fois en phase de play-off de l\u2019UEFA"},"content":{"rendered":"<p data-start=\"16\" data-end=\"424\">Pour la premi\u00e8re fois dans l\u2019histoire du football kosovar, des arbitres du Kosovo dirigeront un match de la phase de play-off des comp\u00e9titions de l\u2019UEFA. Ces derni\u00e8res ann\u00e9es, les arbitres kosovars ont \u00e9t\u00e9 pr\u00e9sents de mani\u00e8re continue dans les comp\u00e9titions europ\u00e9ennes, mais il s\u2019agit ici d\u2019un moment historique.<\/p>\n<p data-start=\"426\" data-end=\"778\">Genc Nuza sera l\u2019arbitre principal, assist\u00e9 par Bujar Selimaj et Granit Hyseni, avec Burim Jahmurataj comme quatri\u00e8me arbitre. Ils officieront la rencontre entre Strasbourg et Brondby, comptant pour les play-offs de la Conference League, qui se joue jeudi au stade \u00ab Stade de la Meinau \u00bb en France. \u00c0 la VAR sera l\u2019autre arbitre kosovar, Dardan \u00c7aka.<\/p>\n<p data-start=\"780\" data-end=\"905\">Genc Nuza a remport\u00e9 \u00e0 sept reprises le prix du meilleur arbitre au Kosovo et gagne de plus en plus la confiance de l\u2019UEFA.<\/p>\n","protected":false},"excerpt":{"rendered":"<p>Pour la premi\u00e8re fois dans l\u2019histoire du football kosovar, des arbitres du Kosovo dirigeront un match de la phase de play-off des comp\u00e9titions de l\u2019UEFA. Ces derni\u00e8res ann\u00e9es, les arbitres kosovars ont \u00e9t\u00e9 pr\u00e9sents de mani\u00e8re continue dans les comp\u00e9titions europ\u00e9ennes, mais il s\u2019agit ici d\u2019un moment historique. Genc Nuza sera l\u2019arbitre principal, assist\u00e9 par [&hellip;]<\/p>\n","protected":false},"author":6,"featured_media":641953,"comment_status":"closed","ping_status":"closed","sticky":false,"template":"","format":"standard","meta":{"footnotes":""},"categories":[33083,23271,1160,3949,23277,23270,24620,24630,24634,24671,1159,1169,1411,2014],"tags":[],"vendi":[],"content_country":[31835,31838,31840],"class_list":["post-853307","post","type-post","status-publish","format-standard","has-post-thumbnail","hentry","category-de-balkani-fr","category-kosovo","category-actuel","category-kosova-fr","category-news-fr","category-at-balkani-fr","category-kosova-fr-2","category-nouvelles","category-nouvelles-fr-3","category-football","category-ch-balkans","category-sport-fr","category-newsletter-fr","category-newsletter-media-fr","content_country-austria-fr","content_country-germany-fr","content_country-zvicer-fr"],"acf":[],"_links":{"self":[{"href":"https:\/\/www.albinfo.at\/fr\/wp-json\/wp\/v2\/posts\/853307","targetHints":{"allow":["GET"]}}],"collection":[{"href":"https:\/\/www.albinfo.at\/fr\/wp-json\/wp\/v2\/posts"}],"about":[{"href":"https:\/\/www.albinfo.at\/fr\/wp-json\/wp\/v2\/types\/post"}],"author":[{"embeddable":true,"href":"https:\/\/www.albinfo.at\/fr\/wp-json\/wp\/v2\/users\/6"}],"replies":[{"embeddable":true,"href":"https:\/\/www.albinfo.at\/fr\/wp-json\/wp\/v2\/comments?post=853307"}],"version-history":[{"count":1,"href":"https:\/\/www.albinfo.at\/fr\/wp-json\/wp\/v2\/posts\/853307\/revisions"}],"predecessor-version":[{"id":853308,"href":"https:\/\/www.albinfo.at\/fr\/wp-json\/wp\/v2\/posts\/853307\/revisions\/853308"}],"wp:featuredmedia":[{"embeddable":true,"href":"https:\/\/www.albinfo.at\/fr\/wp-json\/wp\/v2\/media\/641953"}],"wp:attachment":[{"href":"https:\/\/www.albinfo.at\/fr\/wp-json\/wp\/v2\/media?parent=853307"}],"wp:term":[{"taxonomy":"category","embeddable":true,"href":"https:\/\/www.albinfo.at\/fr\/wp-json\/wp\/v2\/categories?post=853307"},{"taxonomy":"post_tag","embeddable":true,"href":"https:\/\/www.albinfo.at\/fr\/wp-json\/wp\/v2\/tags?post=853307"},{"taxonomy":"vendi","embeddable":true,"href":"https:\/\/www.albinfo.at\/fr\/wp-json\/wp\/v2\/vendi?post=853307"},{"taxonomy":"content_country","embeddable":true,"href":"https:\/\/www.albinfo.at\/fr\/wp-json\/wp\/v2\/content_country?post=853307"}],"curies":[{"name":"wp","href":"https:\/\/api.w.org\/{rel}","templated":true}]}}