{"id":850939,"date":"2025-08-07T19:06:30","date_gmt":"2025-08-07T17:06:30","guid":{"rendered":"https:\/\/www.albinfo.ch\/?p=850939"},"modified":"2025-08-07T19:06:43","modified_gmt":"2025-08-07T17:06:43","slug":"jashari-le-troisieme-transfert-suisse-le-plus-cher","status":"publish","type":"post","link":"https:\/\/www.albinfo.at\/fr\/jashari-le-troisieme-transfert-suisse-le-plus-cher\/","title":{"rendered":"Jashari, le troisi\u00e8me transfert suisse le plus cher"},"content":{"rendered":"<p data-start=\"261\" data-end=\"345\">Ardon Jashari a finalis\u00e9 son transfert vers l\u2019AC Milan en provenance du Club Brugge.<\/p>\n<p data-start=\"347\" data-end=\"428\">Le montant du transfert est estim\u00e9 entre 36 et 39 millions d\u2019euros, bonus inclus.<\/p>\n<p data-start=\"430\" data-end=\"540\">Selon sport.ch, Jashari devient ainsi le troisi\u00e8me transfert le plus co\u00fbteux de l\u2019histoire du football suisse.<\/p>\n<p data-start=\"542\" data-end=\"665\">En premi\u00e8re position figure Granit Xhaka, transf\u00e9r\u00e9 en 2016 du Borussia M\u00f6nchengladbach \u00e0 Arsenal pour 45 millions d\u2019euros.<\/p>\n<p data-start=\"667\" data-end=\"790\">Quant \u00e0 la dixi\u00e8me place, elle est occup\u00e9e par Xherdan Shaqiri, transf\u00e9r\u00e9 de l\u2019Inter \u00e0 Stoke City pour 17 millions d\u2019euros.<\/p>\n<p><iframe loading=\"lazy\" style=\"border: none; overflow: hidden;\" src=\"https:\/\/www.facebook.com\/plugins\/post.php?href=https%3A%2F%2Fwww.facebook.com%2FSPORT.CH.SPORTALHD%2Fposts%2F1324672582991718&amp;show_text=true&amp;width=500\" width=\"500\" height=\"705\" frameborder=\"0\" scrolling=\"no\" allowfullscreen=\"allowfullscreen\" data-mce-fragment=\"1\"><\/iframe><\/p>\n","protected":false},"excerpt":{"rendered":"<p>En t\u00eate de liste se trouve Granit Xhaka, tandis que Xherdan Shaqiri occupe la dixi\u00e8me place.<\/p>\n","protected":false},"author":6,"featured_media":850456,"comment_status":"closed","ping_status":"closed","sticky":false,"template":"","format":"standard","meta":{"footnotes":""},"categories":[24671,1169],"tags":[],"vendi":[],"content_country":[31835,31838,31840],"class_list":["post-850939","post","type-post","status-publish","format-standard","has-post-thumbnail","hentry","category-football","category-sport-fr","content_country-austria-fr","content_country-germany-fr","content_country-zvicer-fr"],"acf":[],"_links":{"self":[{"href":"https:\/\/www.albinfo.at\/fr\/wp-json\/wp\/v2\/posts\/850939","targetHints":{"allow":["GET"]}}],"collection":[{"href":"https:\/\/www.albinfo.at\/fr\/wp-json\/wp\/v2\/posts"}],"about":[{"href":"https:\/\/www.albinfo.at\/fr\/wp-json\/wp\/v2\/types\/post"}],"author":[{"embeddable":true,"href":"https:\/\/www.albinfo.at\/fr\/wp-json\/wp\/v2\/users\/6"}],"replies":[{"embeddable":true,"href":"https:\/\/www.albinfo.at\/fr\/wp-json\/wp\/v2\/comments?post=850939"}],"version-history":[{"count":1,"href":"https:\/\/www.albinfo.at\/fr\/wp-json\/wp\/v2\/posts\/850939\/revisions"}],"predecessor-version":[{"id":850940,"href":"https:\/\/www.albinfo.at\/fr\/wp-json\/wp\/v2\/posts\/850939\/revisions\/850940"}],"wp:featuredmedia":[{"embeddable":true,"href":"https:\/\/www.albinfo.at\/fr\/wp-json\/wp\/v2\/media\/850456"}],"wp:attachment":[{"href":"https:\/\/www.albinfo.at\/fr\/wp-json\/wp\/v2\/media?parent=850939"}],"wp:term":[{"taxonomy":"category","embeddable":true,"href":"https:\/\/www.albinfo.at\/fr\/wp-json\/wp\/v2\/categories?post=850939"},{"taxonomy":"post_tag","embeddable":true,"href":"https:\/\/www.albinfo.at\/fr\/wp-json\/wp\/v2\/tags?post=850939"},{"taxonomy":"vendi","embeddable":true,"href":"https:\/\/www.albinfo.at\/fr\/wp-json\/wp\/v2\/vendi?post=850939"},{"taxonomy":"content_country","embeddable":true,"href":"https:\/\/www.albinfo.at\/fr\/wp-json\/wp\/v2\/content_country?post=850939"}],"curies":[{"name":"wp","href":"https:\/\/api.w.org\/{rel}","templated":true}]}}