{"id":850542,"date":"2025-08-06T01:51:58","date_gmt":"2025-08-05T23:51:58","guid":{"rendered":"https:\/\/www.albinfo.ch\/?p=850542"},"modified":"2025-08-06T01:52:13","modified_gmt":"2025-08-05T23:52:13","slug":"les-beneficiaires-kosovars-de-la-bourse-swiss-excellence-celebrent-leur-succes-lors-dune-soiree-speciale","status":"publish","type":"post","link":"https:\/\/www.albinfo.at\/fr\/les-beneficiaires-kosovars-de-la-bourse-swiss-excellence-celebrent-leur-succes-lors-dune-soiree-speciale\/","title":{"rendered":"Les b\u00e9n\u00e9ficiaires kosovars de la bourse \u201cSwiss Excellence\u201d c\u00e9l\u00e8brent leur succ\u00e8s lors d\u2019une soir\u00e9e sp\u00e9ciale"},"content":{"rendered":"<p data-start=\"247\" data-end=\"584\">Une soir\u00e9e festive a \u00e9t\u00e9 organis\u00e9e en l\u2019honneur de la bourse \u201cSwiss Excellence\u201d et de la communaut\u00e9 des chercheurs kosovars ayant particip\u00e9 \u00e0 ce programme.<\/p>\n<p data-start=\"247\" data-end=\"584\">L\u2019\u00e9v\u00e9nement a r\u00e9uni les b\u00e9n\u00e9ficiaires actuels et anciens, mettant en lumi\u00e8re leur parcours acad\u00e9mique et professionnel, informe l\u2019ambassade de Suisse au Kosovo, rapporte albinfo.ch.<\/p>\n<p><a href=\"https:\/\/www.albinfo.ch\/wp-content\/uploads\/2025\/08\/screenshot_20250805_215120_facebook.jpg\"><img loading=\"lazy\" decoding=\"async\" class=\"alignnone size-large wp-image-850522\" src=\"https:\/\/www.albinfo.ch\/wp-content\/uploads\/2025\/08\/screenshot_20250805_215120_facebook-1024x683.jpg\" alt=\"\" width=\"640\" height=\"427\" srcset=\"https:\/\/www.albinfo.at\/wp-content\/uploads\/2025\/08\/screenshot_20250805_215120_facebook-1024x683.jpg 1024w, https:\/\/www.albinfo.at\/wp-content\/uploads\/2025\/08\/screenshot_20250805_215120_facebook-300x200.jpg 300w, https:\/\/www.albinfo.at\/wp-content\/uploads\/2025\/08\/screenshot_20250805_215120_facebook-768x512.jpg 768w, https:\/\/www.albinfo.at\/wp-content\/uploads\/2025\/08\/screenshot_20250805_215120_facebook-210x141.jpg 210w, https:\/\/www.albinfo.at\/wp-content\/uploads\/2025\/08\/screenshot_20250805_215120_facebook-587x392.jpg 587w, https:\/\/www.albinfo.at\/wp-content\/uploads\/2025\/08\/screenshot_20250805_215120_facebook-150x100.jpg 150w, https:\/\/www.albinfo.at\/wp-content\/uploads\/2025\/08\/screenshot_20250805_215120_facebook-262x175.jpg 262w, https:\/\/www.albinfo.at\/wp-content\/uploads\/2025\/08\/screenshot_20250805_215120_facebook.jpg 1070w\" sizes=\"auto, (max-width: 640px) 100vw, 640px\" \/><\/a><\/p>\n<p data-start=\"586\" data-end=\"960\">Les participants ont partag\u00e9 leurs exp\u00e9riences et soulign\u00e9 l\u2019importance de cette bourse dans leur d\u00e9veloppement en tant que chercheurs, scientifiques et professionnels. Le programme \u201cSwiss Excellence\u201d est per\u00e7u comme bien plus qu\u2019un simple soutien financier, \u00e9tant consid\u00e9r\u00e9 comme une plateforme favorisant la coop\u00e9ration, les opportunit\u00e9s et les connexions internationales.<\/p>\n<p data-start=\"962\" data-end=\"1251\">La soir\u00e9e a mis en avant la croissance de la communaut\u00e9 scientifique kosovare et l\u2019impact positif qu\u2019elle a eu dans ses domaines respectifs. Les organisateurs ont exprim\u00e9 leur reconnaissance pour la repr\u00e9sentation digne que ces chercheurs ont donn\u00e9e aux valeurs de l\u2019excellence acad\u00e9mique.<\/p>\n<p data-start=\"1253\" data-end=\"1546\">Par ailleurs, il a \u00e9t\u00e9 annonc\u00e9 que l\u2019appel \u00e0 candidatures pour la bourse \u201cSwiss Excellence\u201d pour l\u2019ann\u00e9e acad\u00e9mique 2026\u20132027 sera lanc\u00e9 prochainement. Les candidats int\u00e9ress\u00e9s sont invit\u00e9s \u00e0 rester inform\u00e9s via les canaux officiels pour conna\u00eetre les d\u00e9tails et les crit\u00e8res de participation.<\/p>\n<p>&nbsp;<\/p>\n","protected":false},"excerpt":{"rendered":"<p>Une soir\u00e9e festive a \u00e9t\u00e9 organis\u00e9e en l\u2019honneur de la bourse \u201cSwiss Excellence\u201d et de la communaut\u00e9 des chercheurs kosovars ayant particip\u00e9 \u00e0 ce programme. L\u2019\u00e9v\u00e9nement a r\u00e9uni les b\u00e9n\u00e9ficiaires actuels et anciens, mettant en lumi\u00e8re leur parcours acad\u00e9mique et professionnel, informe l\u2019ambassade de Suisse au Kosovo, rapporte albinfo.ch. Les participants ont partag\u00e9 leurs exp\u00e9riences [&hellip;]<\/p>\n","protected":false},"author":6,"featured_media":850526,"comment_status":"closed","ping_status":"closed","sticky":false,"template":"","format":"standard","meta":{"footnotes":""},"categories":[33083,23271,1160,3949,23277,23270,24620,24630,24634,1159],"tags":[],"vendi":[],"content_country":[31835,31838,31840],"class_list":["post-850542","post","type-post","status-publish","format-standard","has-post-thumbnail","hentry","category-de-balkani-fr","category-kosovo","category-actuel","category-kosova-fr","category-news-fr","category-at-balkani-fr","category-kosova-fr-2","category-nouvelles","category-nouvelles-fr-3","category-ch-balkans","content_country-austria-fr","content_country-germany-fr","content_country-zvicer-fr"],"acf":[],"_links":{"self":[{"href":"https:\/\/www.albinfo.at\/fr\/wp-json\/wp\/v2\/posts\/850542","targetHints":{"allow":["GET"]}}],"collection":[{"href":"https:\/\/www.albinfo.at\/fr\/wp-json\/wp\/v2\/posts"}],"about":[{"href":"https:\/\/www.albinfo.at\/fr\/wp-json\/wp\/v2\/types\/post"}],"author":[{"embeddable":true,"href":"https:\/\/www.albinfo.at\/fr\/wp-json\/wp\/v2\/users\/6"}],"replies":[{"embeddable":true,"href":"https:\/\/www.albinfo.at\/fr\/wp-json\/wp\/v2\/comments?post=850542"}],"version-history":[{"count":1,"href":"https:\/\/www.albinfo.at\/fr\/wp-json\/wp\/v2\/posts\/850542\/revisions"}],"predecessor-version":[{"id":850543,"href":"https:\/\/www.albinfo.at\/fr\/wp-json\/wp\/v2\/posts\/850542\/revisions\/850543"}],"wp:featuredmedia":[{"embeddable":true,"href":"https:\/\/www.albinfo.at\/fr\/wp-json\/wp\/v2\/media\/850526"}],"wp:attachment":[{"href":"https:\/\/www.albinfo.at\/fr\/wp-json\/wp\/v2\/media?parent=850542"}],"wp:term":[{"taxonomy":"category","embeddable":true,"href":"https:\/\/www.albinfo.at\/fr\/wp-json\/wp\/v2\/categories?post=850542"},{"taxonomy":"post_tag","embeddable":true,"href":"https:\/\/www.albinfo.at\/fr\/wp-json\/wp\/v2\/tags?post=850542"},{"taxonomy":"vendi","embeddable":true,"href":"https:\/\/www.albinfo.at\/fr\/wp-json\/wp\/v2\/vendi?post=850542"},{"taxonomy":"content_country","embeddable":true,"href":"https:\/\/www.albinfo.at\/fr\/wp-json\/wp\/v2\/content_country?post=850542"}],"curies":[{"name":"wp","href":"https:\/\/api.w.org\/{rel}","templated":true}]}}