{"id":849264,"date":"2025-08-01T10:46:24","date_gmt":"2025-08-01T08:46:24","guid":{"rendered":"https:\/\/www.albinfo.ch\/?p=849264"},"modified":"2025-08-01T10:47:54","modified_gmt":"2025-08-01T08:47:54","slug":"la-presidente-osmani-accueille-la-diaspora-vous-etes-la-fierte-du-kosovo","status":"publish","type":"post","link":"https:\/\/www.albinfo.at\/fr\/la-presidente-osmani-accueille-la-diaspora-vous-etes-la-fierte-du-kosovo\/","title":{"rendered":"La pr\u00e9sidente Osmani accueille la diaspora: &#8220;Vous \u00eates la fiert\u00e9 du Kosovo &#8220;"},"content":{"rendered":"<p data-start=\"135\" data-end=\"396\">Lors d\u2019une c\u00e9r\u00e9monie sp\u00e9ciale organis\u00e9e \u00e0 Pristina en l\u2019honneur des compatriotes vivant \u00e0 l\u2019\u00e9tranger, la pr\u00e9sidente du Kosovo, Vjosa Osmani, a soulign\u00e9 le r\u00f4le fondamental de la diaspora dans la repr\u00e9sentation digne du pays \u00e0 travers le monde, \u00e9crit albinfo.ch.<\/p>\n<p data-start=\"398\" data-end=\"547\">Dans son discours, Osmani a exprim\u00e9 une profonde gratitude pour la contribution continue de la diaspora au d\u00e9veloppement et \u00e0 la promotion du Kosovo.<\/p>\n<p data-start=\"549\" data-end=\"1059\">&#8220;De la Suisse et de l\u2019Allemagne, aux \u00c9tats-Unis et au Canada, des universitaires aux entrepreneurs en Autriche, dans le secteur technologique des pays nordiques, vous avez jou\u00e9 un r\u00f4le cl\u00e9 dans le progr\u00e8s des soci\u00e9t\u00e9s o\u00f9 vous vivez. Les Albanais sont aujourd\u2019hui pr\u00e9sents non seulement physiquement, mais aussi sur les sc\u00e8nes politiques, acad\u00e9miques et culturelles les plus importantes du monde, en tant que d\u00e9put\u00e9s, professeurs, sportifs, artistes et chanteurs de renomm\u00e9e internationale &#8220;, a-t-elle d\u00e9clar\u00e9.<\/p>\n<p data-start=\"1061\" data-end=\"1173\">Elle a ajout\u00e9 que leur pr\u00e9sence \u00e0 travers le monde repr\u00e9sente une page glorieuse pour toute la nation albanaise.<\/p>\n<p data-start=\"1175\" data-end=\"1538\">&#8221; O\u00f9 que vous soyez, vous repr\u00e9sentez le Kosovo avec dignit\u00e9. Vous transmettez la meilleure image de notre pays, et pour cette raison, je dis avec conviction: vous \u00eates les ambassadeurs les plus puissants du Kosovo. Bien s\u00fbr, sans oublier nos diplomates officiels qui font un excellent travail, mais votre r\u00f4le va bien au-del\u00e0 de toute repr\u00e9sentation formelle.&#8221;<\/p>\n<p data-start=\"1540\" data-end=\"1747\">En cette journ\u00e9e de bienvenue d\u00e9di\u00e9e \u00e0 la diaspora, la pr\u00e9sidente Osmani a \u00e9galement exprim\u00e9 sa tristesse pour la perte tragique de Rrahim Latifi, un migrant de 33 ans, d\u00e9c\u00e9d\u00e9 par noyade dans le lac d\u2019Ujman.<\/p>\n","protected":false},"excerpt":{"rendered":"<p>Lors d\u2019une c\u00e9r\u00e9monie sp\u00e9ciale organis\u00e9e \u00e0 Pristina en l\u2019honneur des compatriotes vivant \u00e0 l\u2019\u00e9tranger, la pr\u00e9sidente du Kosovo, Vjosa Osmani, a soulign\u00e9 le r\u00f4le fondamental de la diaspora dans la repr\u00e9sentation digne du pays \u00e0 travers le monde, \u00e9crit albinfo.ch. Dans son discours, Osmani a exprim\u00e9 une profonde gratitude pour la contribution continue de la [&hellip;]<\/p>\n","protected":false},"author":6,"featured_media":849243,"comment_status":"closed","ping_status":"closed","sticky":false,"template":"","format":"standard","meta":{"footnotes":""},"categories":[33083,23271,24637,1160,3949,23277,23270,24620,24630,24634,1159,1163],"tags":[],"vendi":[],"content_country":[31835,31838,31840],"class_list":["post-849264","post","type-post","status-publish","format-standard","has-post-thumbnail","hentry","category-de-balkani-fr","category-kosovo","category-nouvelles-fr-4","category-actuel","category-kosova-fr","category-news-fr","category-at-balkani-fr","category-kosova-fr-2","category-nouvelles","category-nouvelles-fr-3","category-ch-balkans","category-fr-e-diaspora","content_country-austria-fr","content_country-germany-fr","content_country-zvicer-fr"],"acf":[],"_links":{"self":[{"href":"https:\/\/www.albinfo.at\/fr\/wp-json\/wp\/v2\/posts\/849264","targetHints":{"allow":["GET"]}}],"collection":[{"href":"https:\/\/www.albinfo.at\/fr\/wp-json\/wp\/v2\/posts"}],"about":[{"href":"https:\/\/www.albinfo.at\/fr\/wp-json\/wp\/v2\/types\/post"}],"author":[{"embeddable":true,"href":"https:\/\/www.albinfo.at\/fr\/wp-json\/wp\/v2\/users\/6"}],"replies":[{"embeddable":true,"href":"https:\/\/www.albinfo.at\/fr\/wp-json\/wp\/v2\/comments?post=849264"}],"version-history":[{"count":3,"href":"https:\/\/www.albinfo.at\/fr\/wp-json\/wp\/v2\/posts\/849264\/revisions"}],"predecessor-version":[{"id":849268,"href":"https:\/\/www.albinfo.at\/fr\/wp-json\/wp\/v2\/posts\/849264\/revisions\/849268"}],"wp:featuredmedia":[{"embeddable":true,"href":"https:\/\/www.albinfo.at\/fr\/wp-json\/wp\/v2\/media\/849243"}],"wp:attachment":[{"href":"https:\/\/www.albinfo.at\/fr\/wp-json\/wp\/v2\/media?parent=849264"}],"wp:term":[{"taxonomy":"category","embeddable":true,"href":"https:\/\/www.albinfo.at\/fr\/wp-json\/wp\/v2\/categories?post=849264"},{"taxonomy":"post_tag","embeddable":true,"href":"https:\/\/www.albinfo.at\/fr\/wp-json\/wp\/v2\/tags?post=849264"},{"taxonomy":"vendi","embeddable":true,"href":"https:\/\/www.albinfo.at\/fr\/wp-json\/wp\/v2\/vendi?post=849264"},{"taxonomy":"content_country","embeddable":true,"href":"https:\/\/www.albinfo.at\/fr\/wp-json\/wp\/v2\/content_country?post=849264"}],"curies":[{"name":"wp","href":"https:\/\/api.w.org\/{rel}","templated":true}]}}