{"id":848823,"date":"2025-07-30T00:26:29","date_gmt":"2025-07-29T22:26:29","guid":{"rendered":"https:\/\/www.albinfo.ch\/?p=848823"},"modified":"2025-07-30T00:26:55","modified_gmt":"2025-07-29T22:26:55","slug":"la-presidente-vjosa-osmani-invite-la-diaspora-a-la-reception-traditionnelle-a-la-presidence","status":"publish","type":"post","link":"https:\/\/www.albinfo.at\/fr\/la-presidente-vjosa-osmani-invite-la-diaspora-a-la-reception-traditionnelle-a-la-presidence\/","title":{"rendered":"La pr\u00e9sidente Vjosa Osmani invite la diaspora \u00e0 la r\u00e9ception traditionnelle \u00e0 la Pr\u00e9sidence"},"content":{"rendered":"<p data-start=\"130\" data-end=\"302\">La pr\u00e9sidente du Kosovo, Vjosa Osmani, a invit\u00e9 la diaspora \u00e0 participer \u00e0 la r\u00e9ception traditionnelle qui aura lieu le jeudi 31 juillet 2025 dans la cour de la Pr\u00e9sidence.<\/p>\n<p data-start=\"304\" data-end=\"447\">Cet \u00e9v\u00e9nement est organis\u00e9 chaque ann\u00e9e afin de souhaiter la bienvenue et de rappeler les liens \u00e9troits entre la diaspora et le pays d\u2019origine.<\/p>\n<p><a href=\"https:\/\/www.albinfo.ch\/wp-content\/uploads\/2025\/07\/screenshot_20250729_223908_facebook.jpg\"><img loading=\"lazy\" decoding=\"async\" class=\"alignnone size-large wp-image-848804\" src=\"https:\/\/www.albinfo.ch\/wp-content\/uploads\/2025\/07\/screenshot_20250729_223908_facebook-1024x899.jpg\" alt=\"\" width=\"640\" height=\"562\" srcset=\"https:\/\/www.albinfo.at\/wp-content\/uploads\/2025\/07\/screenshot_20250729_223908_facebook-1024x899.jpg 1024w, https:\/\/www.albinfo.at\/wp-content\/uploads\/2025\/07\/screenshot_20250729_223908_facebook-300x263.jpg 300w, https:\/\/www.albinfo.at\/wp-content\/uploads\/2025\/07\/screenshot_20250729_223908_facebook-768x674.jpg 768w, https:\/\/www.albinfo.at\/wp-content\/uploads\/2025\/07\/screenshot_20250729_223908_facebook-451x396.jpg 451w, https:\/\/www.albinfo.at\/wp-content\/uploads\/2025\/07\/screenshot_20250729_223908_facebook-114x100.jpg 114w, https:\/\/www.albinfo.at\/wp-content\/uploads\/2025\/07\/screenshot_20250729_223908_facebook-199x175.jpg 199w, https:\/\/www.albinfo.at\/wp-content\/uploads\/2025\/07\/screenshot_20250729_223908_facebook.jpg 1080w\" sizes=\"auto, (max-width: 640px) 100vw, 640px\" \/><\/a><\/p>\n","protected":false},"excerpt":{"rendered":"<p>La pr\u00e9sidente du Kosovo, Vjosa Osmani, a invit\u00e9 la diaspora \u00e0 participer \u00e0 la r\u00e9ception traditionnelle qui aura lieu le jeudi 31 juillet 2025 dans la cour de la Pr\u00e9sidence. Cet \u00e9v\u00e9nement est organis\u00e9 chaque ann\u00e9e afin de souhaiter la bienvenue et de rappeler les liens \u00e9troits entre la diaspora et le pays d\u2019origine.<\/p>\n","protected":false},"author":6,"featured_media":848533,"comment_status":"closed","ping_status":"closed","sticky":false,"template":"","format":"standard","meta":{"footnotes":""},"categories":[33083,23271,24637,1160,3949,23277,23270,24620,24630,24634,1159,1163],"tags":[],"vendi":[],"content_country":[31835,31838,31840],"class_list":["post-848823","post","type-post","status-publish","format-standard","has-post-thumbnail","hentry","category-de-balkani-fr","category-kosovo","category-nouvelles-fr-4","category-actuel","category-kosova-fr","category-news-fr","category-at-balkani-fr","category-kosova-fr-2","category-nouvelles","category-nouvelles-fr-3","category-ch-balkans","category-fr-e-diaspora","content_country-austria-fr","content_country-germany-fr","content_country-zvicer-fr"],"acf":[],"_links":{"self":[{"href":"https:\/\/www.albinfo.at\/fr\/wp-json\/wp\/v2\/posts\/848823","targetHints":{"allow":["GET"]}}],"collection":[{"href":"https:\/\/www.albinfo.at\/fr\/wp-json\/wp\/v2\/posts"}],"about":[{"href":"https:\/\/www.albinfo.at\/fr\/wp-json\/wp\/v2\/types\/post"}],"author":[{"embeddable":true,"href":"https:\/\/www.albinfo.at\/fr\/wp-json\/wp\/v2\/users\/6"}],"replies":[{"embeddable":true,"href":"https:\/\/www.albinfo.at\/fr\/wp-json\/wp\/v2\/comments?post=848823"}],"version-history":[{"count":1,"href":"https:\/\/www.albinfo.at\/fr\/wp-json\/wp\/v2\/posts\/848823\/revisions"}],"predecessor-version":[{"id":848824,"href":"https:\/\/www.albinfo.at\/fr\/wp-json\/wp\/v2\/posts\/848823\/revisions\/848824"}],"wp:featuredmedia":[{"embeddable":true,"href":"https:\/\/www.albinfo.at\/fr\/wp-json\/wp\/v2\/media\/848533"}],"wp:attachment":[{"href":"https:\/\/www.albinfo.at\/fr\/wp-json\/wp\/v2\/media?parent=848823"}],"wp:term":[{"taxonomy":"category","embeddable":true,"href":"https:\/\/www.albinfo.at\/fr\/wp-json\/wp\/v2\/categories?post=848823"},{"taxonomy":"post_tag","embeddable":true,"href":"https:\/\/www.albinfo.at\/fr\/wp-json\/wp\/v2\/tags?post=848823"},{"taxonomy":"vendi","embeddable":true,"href":"https:\/\/www.albinfo.at\/fr\/wp-json\/wp\/v2\/vendi?post=848823"},{"taxonomy":"content_country","embeddable":true,"href":"https:\/\/www.albinfo.at\/fr\/wp-json\/wp\/v2\/content_country?post=848823"}],"curies":[{"name":"wp","href":"https:\/\/api.w.org\/{rel}","templated":true}]}}