{"id":84825,"date":"2015-06-08T10:05:11","date_gmt":"2015-06-08T08:05:11","guid":{"rendered":"http:\/\/www.albinfo.ch\/?p=84825"},"modified":"2015-07-08T09:55:46","modified_gmt":"2015-07-08T07:55:46","slug":"laccueil-des-migrants-dans-le-pays-de-vaud","status":"publish","type":"post","link":"https:\/\/www.albinfo.at\/fr\/laccueil-des-migrants-dans-le-pays-de-vaud\/","title":{"rendered":"L\u2019accueil des migrants dans le Pays de Vaud"},"content":{"rendered":"<p>L\u2019\u00c9tat de Vaud s\u2019att\u00e8le ces derni\u00e8res ann\u00e9es \u00e0 mieux accueillir, informer et orienter les nouveaux habitants \u00e9trangers afin qu&#8217;ils se sentent bienvenus dans leur pays d\u2019accueil. Ils souhaitent \u00e9galement que les migrants assimilent les r\u00e8gles de vie quotidienne et le fonctionnement des institutions.<\/p>\n","protected":false},"excerpt":{"rendered":"<p>L\u2019\u00c9tat de Vaud s\u2019att\u00e8le ces derni\u00e8res ann\u00e9es \u00e0 mieux accueillir, informer et orienter les nouveaux habitants \u00e9trangers afin qu&#8217;ils se sentent bienvenus dans leur pays d\u2019accueil. Ils souhaitent \u00e9galement que les migrants assimilent les r\u00e8gles de vie quotidienne et le fonctionnement des institutions.<\/p>\n","protected":false},"author":10,"featured_media":0,"comment_status":"open","ping_status":"open","sticky":false,"template":"","format":"standard","meta":{"footnotes":""},"categories":[1180,1170,1179,1411],"tags":[],"vendi":[],"content_country":[],"class_list":["post-84825","post","type-post","status-publish","format-standard","hentry","category-diversite-fr","category-vivre-en-suisse","category-albinfo-tv-fr","category-newsletter-fr"],"acf":[],"_links":{"self":[{"href":"https:\/\/www.albinfo.at\/fr\/wp-json\/wp\/v2\/posts\/84825","targetHints":{"allow":["GET"]}}],"collection":[{"href":"https:\/\/www.albinfo.at\/fr\/wp-json\/wp\/v2\/posts"}],"about":[{"href":"https:\/\/www.albinfo.at\/fr\/wp-json\/wp\/v2\/types\/post"}],"author":[{"embeddable":true,"href":"https:\/\/www.albinfo.at\/fr\/wp-json\/wp\/v2\/users\/10"}],"replies":[{"embeddable":true,"href":"https:\/\/www.albinfo.at\/fr\/wp-json\/wp\/v2\/comments?post=84825"}],"version-history":[{"count":0,"href":"https:\/\/www.albinfo.at\/fr\/wp-json\/wp\/v2\/posts\/84825\/revisions"}],"wp:attachment":[{"href":"https:\/\/www.albinfo.at\/fr\/wp-json\/wp\/v2\/media?parent=84825"}],"wp:term":[{"taxonomy":"category","embeddable":true,"href":"https:\/\/www.albinfo.at\/fr\/wp-json\/wp\/v2\/categories?post=84825"},{"taxonomy":"post_tag","embeddable":true,"href":"https:\/\/www.albinfo.at\/fr\/wp-json\/wp\/v2\/tags?post=84825"},{"taxonomy":"vendi","embeddable":true,"href":"https:\/\/www.albinfo.at\/fr\/wp-json\/wp\/v2\/vendi?post=84825"},{"taxonomy":"content_country","embeddable":true,"href":"https:\/\/www.albinfo.at\/fr\/wp-json\/wp\/v2\/content_country?post=84825"}],"curies":[{"name":"wp","href":"https:\/\/api.w.org\/{rel}","templated":true}]}}