{"id":845307,"date":"2025-07-12T13:31:53","date_gmt":"2025-07-12T11:31:53","guid":{"rendered":"https:\/\/www.albinfo.ch\/?p=845307"},"modified":"2025-07-12T13:31:53","modified_gmt":"2025-07-12T11:31:53","slug":"la-suisse-affrontera-lespagne-en-quart-de-finale","status":"publish","type":"post","link":"https:\/\/www.albinfo.at\/fr\/la-suisse-affrontera-lespagne-en-quart-de-finale\/","title":{"rendered":"La Suisse affrontera l\u2019Espagne en quart de finale"},"content":{"rendered":"<p data-start=\"368\" data-end=\"467\">Pour la premi\u00e8re fois, la Suisse s\u2019est qualifi\u00e9e pour un quart de finale d\u2019un championnat d\u2019Europe.<\/p>\n<p data-start=\"469\" data-end=\"588\">Le but de Riola Xhemaili a assur\u00e9 la qualification, mais d\u00e9sormais les attend un d\u00e9fi tr\u00e8s difficile, \u00e9crit albinfo.ch.<\/p>\n<p data-start=\"590\" data-end=\"760\">La Suisse affrontera l\u2019Espagne, l\u2019un des favoris pour remporter cet Euro. La tradition est du c\u00f4t\u00e9 de l\u2019Espagne, tandis que le soutien populaire est du c\u00f4t\u00e9 de la Suisse.<\/p>\n<p data-start=\"762\" data-end=\"808\">Le match aura lieu vendredi \u00e0 partir de 21h00.<\/p>\n<p data-start=\"810\" data-end=\"890\">Cet Euro se d\u00e9roule en Suisse. Il a commenc\u00e9 le 2 juillet et se terminera le 27.<\/p>\n<p data-start=\"892\" data-end=\"962\">Jusqu\u2019\u00e0 pr\u00e9sent, ce fut un v\u00e9ritable spectacle avec des stades pleins.<\/p>\n","protected":false},"excerpt":{"rendered":"<p>Les Suissesses tenteront de poursuivre leur r\u00eave.<\/p>\n","protected":false},"author":6,"featured_media":842982,"comment_status":"closed","ping_status":"closed","sticky":false,"template":"","format":"standard","meta":{"footnotes":""},"categories":[34880,1169],"tags":[],"vendi":[],"content_country":[31835,31838,31840],"class_list":["post-845307","post","type-post","status-publish","format-standard","has-post-thumbnail","hentry","category-euro-2025-fr","category-sport-fr","content_country-austria-fr","content_country-germany-fr","content_country-zvicer-fr"],"acf":[],"_links":{"self":[{"href":"https:\/\/www.albinfo.at\/fr\/wp-json\/wp\/v2\/posts\/845307","targetHints":{"allow":["GET"]}}],"collection":[{"href":"https:\/\/www.albinfo.at\/fr\/wp-json\/wp\/v2\/posts"}],"about":[{"href":"https:\/\/www.albinfo.at\/fr\/wp-json\/wp\/v2\/types\/post"}],"author":[{"embeddable":true,"href":"https:\/\/www.albinfo.at\/fr\/wp-json\/wp\/v2\/users\/6"}],"replies":[{"embeddable":true,"href":"https:\/\/www.albinfo.at\/fr\/wp-json\/wp\/v2\/comments?post=845307"}],"version-history":[{"count":1,"href":"https:\/\/www.albinfo.at\/fr\/wp-json\/wp\/v2\/posts\/845307\/revisions"}],"predecessor-version":[{"id":845309,"href":"https:\/\/www.albinfo.at\/fr\/wp-json\/wp\/v2\/posts\/845307\/revisions\/845309"}],"wp:featuredmedia":[{"embeddable":true,"href":"https:\/\/www.albinfo.at\/fr\/wp-json\/wp\/v2\/media\/842982"}],"wp:attachment":[{"href":"https:\/\/www.albinfo.at\/fr\/wp-json\/wp\/v2\/media?parent=845307"}],"wp:term":[{"taxonomy":"category","embeddable":true,"href":"https:\/\/www.albinfo.at\/fr\/wp-json\/wp\/v2\/categories?post=845307"},{"taxonomy":"post_tag","embeddable":true,"href":"https:\/\/www.albinfo.at\/fr\/wp-json\/wp\/v2\/tags?post=845307"},{"taxonomy":"vendi","embeddable":true,"href":"https:\/\/www.albinfo.at\/fr\/wp-json\/wp\/v2\/vendi?post=845307"},{"taxonomy":"content_country","embeddable":true,"href":"https:\/\/www.albinfo.at\/fr\/wp-json\/wp\/v2\/content_country?post=845307"}],"curies":[{"name":"wp","href":"https:\/\/api.w.org\/{rel}","templated":true}]}}