{"id":845185,"date":"2025-07-11T20:30:02","date_gmt":"2025-07-11T18:30:02","guid":{"rendered":"https:\/\/www.albinfo.ch\/?p=845185"},"modified":"2025-07-11T20:30:02","modified_gmt":"2025-07-11T18:30:02","slug":"une-premiere-historique-la-suisse-savoure-son-succes","status":"publish","type":"post","link":"https:\/\/www.albinfo.at\/fr\/une-premiere-historique-la-suisse-savoure-son-succes\/","title":{"rendered":"Une premi\u00e8re historique, la Suisse savoure son succ\u00e8s"},"content":{"rendered":"<p data-start=\"293\" data-end=\"355\">Une Albanaise a contribu\u00e9 \u00e0 ce succ\u00e8s historique de la Suisse.<\/p>\n<p data-start=\"357\" data-end=\"503\">Le but de Riola Xhemaili contre la Finlande a permis \u00e0 la Nati d\u2019atteindre pour la premi\u00e8re fois les quarts de finale de l\u2019Euro, \u00e9crit albinfo.ch.<\/p>\n<p data-start=\"505\" data-end=\"595\">Cet Euro se d\u00e9roule justement en Suisse, o\u00f9 26 000 spectateurs \u00e9taient pr\u00e9sents hier soir.<\/p>\n<p data-start=\"597\" data-end=\"727\">Lors de cet \u00e9v\u00e9nement, les stades ont \u00e9t\u00e9 quasiment pleins, transformant la comp\u00e9tition en une v\u00e9ritable f\u00eate du football f\u00e9minin.<\/p>\n<p data-start=\"729\" data-end=\"836\">Riola Xhemaili a d\u00e9clar\u00e9 que l\u2019adversaire \u00e0 venir n\u2019avait pas d\u2019importance, car l\u2019\u00e9quipe profite du moment.<\/p>\n<p data-start=\"838\" data-end=\"992\">&#8220;Nous allons avoir quelques beaux jours. Nous allons en profiter puis nous nous remettrons autour de la table pour nous pr\u00e9parer pour le prochain d\u00e9fi. &#8220;<\/p>\n<p data-start=\"994\" data-end=\"1086\">Pour la buteuse Xhemaili, peu importe qui sera de l\u2019autre c\u00f4t\u00e9 vendredi prochain \u00e0 Wankdorf.<\/p>\n<p data-start=\"1088\" data-end=\"1213\">&#8220;Cela n\u2019a pas d\u2019importance, il faut savourer ce moment historique &#8220;, dit-elle, suivant d\u00e9j\u00e0 les consignes de son entra\u00eeneur.<\/p>\n","protected":false},"excerpt":{"rendered":"<p>Pour la premi\u00e8re fois, la Suisse s\u2019est qualifi\u00e9e pour un quart de finale de l\u2019Euro<\/p>\n","protected":false},"author":6,"featured_media":842985,"comment_status":"closed","ping_status":"closed","sticky":false,"template":"","format":"standard","meta":{"footnotes":""},"categories":[34880,24671,1169,1481],"tags":[],"vendi":[],"content_country":[31835,31838,31840],"class_list":["post-845185","post","type-post","status-publish","format-standard","has-post-thumbnail","hentry","category-euro-2025-fr","category-football","category-sport-fr","category-uncategorized-fr","content_country-austria-fr","content_country-germany-fr","content_country-zvicer-fr"],"acf":[],"_links":{"self":[{"href":"https:\/\/www.albinfo.at\/fr\/wp-json\/wp\/v2\/posts\/845185","targetHints":{"allow":["GET"]}}],"collection":[{"href":"https:\/\/www.albinfo.at\/fr\/wp-json\/wp\/v2\/posts"}],"about":[{"href":"https:\/\/www.albinfo.at\/fr\/wp-json\/wp\/v2\/types\/post"}],"author":[{"embeddable":true,"href":"https:\/\/www.albinfo.at\/fr\/wp-json\/wp\/v2\/users\/6"}],"replies":[{"embeddable":true,"href":"https:\/\/www.albinfo.at\/fr\/wp-json\/wp\/v2\/comments?post=845185"}],"version-history":[{"count":1,"href":"https:\/\/www.albinfo.at\/fr\/wp-json\/wp\/v2\/posts\/845185\/revisions"}],"predecessor-version":[{"id":845187,"href":"https:\/\/www.albinfo.at\/fr\/wp-json\/wp\/v2\/posts\/845185\/revisions\/845187"}],"wp:featuredmedia":[{"embeddable":true,"href":"https:\/\/www.albinfo.at\/fr\/wp-json\/wp\/v2\/media\/842985"}],"wp:attachment":[{"href":"https:\/\/www.albinfo.at\/fr\/wp-json\/wp\/v2\/media?parent=845185"}],"wp:term":[{"taxonomy":"category","embeddable":true,"href":"https:\/\/www.albinfo.at\/fr\/wp-json\/wp\/v2\/categories?post=845185"},{"taxonomy":"post_tag","embeddable":true,"href":"https:\/\/www.albinfo.at\/fr\/wp-json\/wp\/v2\/tags?post=845185"},{"taxonomy":"vendi","embeddable":true,"href":"https:\/\/www.albinfo.at\/fr\/wp-json\/wp\/v2\/vendi?post=845185"},{"taxonomy":"content_country","embeddable":true,"href":"https:\/\/www.albinfo.at\/fr\/wp-json\/wp\/v2\/content_country?post=845185"}],"curies":[{"name":"wp","href":"https:\/\/api.w.org\/{rel}","templated":true}]}}