{"id":845175,"date":"2025-07-11T20:20:32","date_gmt":"2025-07-11T18:20:32","guid":{"rendered":"https:\/\/www.albinfo.ch\/?p=845175"},"modified":"2025-07-11T20:20:32","modified_gmt":"2025-07-11T18:20:32","slug":"deux-albanaises-deux-buts-a-leuro","status":"publish","type":"post","link":"https:\/\/www.albinfo.at\/fr\/deux-albanaises-deux-buts-a-leuro\/","title":{"rendered":"Deux Albanaises, deux buts \u00e0 l\u2019Euro"},"content":{"rendered":"<p data-start=\"296\" data-end=\"422\">Le Championnat d\u2019Europe de football f\u00e9minin en Suisse a d\u00e9j\u00e0 offert du spectacle, avec la plupart des stades pleins \u00e0 craquer.<\/p>\n<p data-start=\"424\" data-end=\"515\">Dans cet Euro, les joueuses albanaises laissent \u00e9galement leur empreinte, \u00e9crit albinfo.ch.<\/p>\n<p data-start=\"517\" data-end=\"669\">Riola Xhemaili et Kosovare Asllani sont les deux joueuses albanaises pr\u00e9sentes dans ce championnat. Riola joue pour la Suisse et Kosovare pour la Su\u00e8de.<\/p>\n<p data-start=\"671\" data-end=\"787\">Dans la phase de groupes qui n\u2019est pas encore termin\u00e9e, les deux footballeuses albanaises ont marqu\u00e9 un but chacune.<\/p>\n<p data-start=\"789\" data-end=\"1018\">Riola Xhemaili, gr\u00e2ce \u00e0 son but \u00e0 la 92e minute, a permis \u00e0 la Suisse d\u2019arracher un point face \u00e0 la Finlande, qualifiant ainsi son pays pour la premi\u00e8re fois en quarts de finale apr\u00e8s avoir termin\u00e9 le Groupe A avec quatre points.<\/p>\n<p><a href=\"https:\/\/www.albinfo.ch\/wp-content\/uploads\/2025\/07\/667786258_socialmedia.jpg\"><img loading=\"lazy\" decoding=\"async\" class=\"wp-image-843527\" src=\"https:\/\/www.albinfo.ch\/wp-content\/uploads\/2025\/07\/667786258_socialmedia.jpg\" alt=\"\" width=\"500\" height=\"333\" srcset=\"https:\/\/www.albinfo.at\/wp-content\/uploads\/2025\/07\/667786258_socialmedia.jpg 1024w, https:\/\/www.albinfo.at\/wp-content\/uploads\/2025\/07\/667786258_socialmedia-300x200.jpg 300w, https:\/\/www.albinfo.at\/wp-content\/uploads\/2025\/07\/667786258_socialmedia-768x512.jpg 768w, https:\/\/www.albinfo.at\/wp-content\/uploads\/2025\/07\/667786258_socialmedia-586x389.jpg 586w, https:\/\/www.albinfo.at\/wp-content\/uploads\/2025\/07\/667786258_socialmedia-210x141.jpg 210w, https:\/\/www.albinfo.at\/wp-content\/uploads\/2025\/07\/667786258_socialmedia-587x392.jpg 587w, https:\/\/www.albinfo.at\/wp-content\/uploads\/2025\/07\/667786258_socialmedia-150x100.jpg 150w, https:\/\/www.albinfo.at\/wp-content\/uploads\/2025\/07\/667786258_socialmedia-262x175.jpg 262w\" sizes=\"auto, (max-width: 500px) 100vw, 500px\" \/><\/a><\/p>\n<p>(AP Photo\/Alessandra Tarantino)<\/p>\n<p data-start=\"1020\" data-end=\"1301\">De son c\u00f4t\u00e9, Kosovare Asllani a marqu\u00e9 un but contre la Pologne et a d\u00e9livr\u00e9 une passe d\u00e9cisive contre la m\u00eame \u00e9quipe. Capitaine de la Su\u00e8de, Asllani a c\u00e9l\u00e9br\u00e9 contre le Danemark sa 200e apparition avec la s\u00e9lection su\u00e9doise, un chiffre exceptionnel dans le football international.<\/p>\n<p data-start=\"1303\" data-end=\"1496\">Le dernier match de groupe pour la Su\u00e8de aura lieu samedi soir contre l\u2019Allemagne, une rencontre d\u00e9cisive pour la premi\u00e8re place du groupe, les deux \u00e9quipes \u00e9tant d\u00e9j\u00e0 qualifi\u00e9es pour la suite.<\/p>\n<p>&nbsp;<\/p>\n<p>&nbsp;<\/p>\n<p>&nbsp;<\/p>\n","protected":false},"excerpt":{"rendered":"<p>Deux footballeuses albanaises se sont illustr\u00e9es au Championnat d\u2019Europe f\u00e9minin en Suisse<\/p>\n","protected":false},"author":6,"featured_media":842533,"comment_status":"closed","ping_status":"closed","sticky":false,"template":"","format":"standard","meta":{"footnotes":""},"categories":[24671,1169],"tags":[],"vendi":[],"content_country":[31835,31838,31840],"class_list":["post-845175","post","type-post","status-publish","format-standard","has-post-thumbnail","hentry","category-football","category-sport-fr","content_country-austria-fr","content_country-germany-fr","content_country-zvicer-fr"],"acf":[],"_links":{"self":[{"href":"https:\/\/www.albinfo.at\/fr\/wp-json\/wp\/v2\/posts\/845175","targetHints":{"allow":["GET"]}}],"collection":[{"href":"https:\/\/www.albinfo.at\/fr\/wp-json\/wp\/v2\/posts"}],"about":[{"href":"https:\/\/www.albinfo.at\/fr\/wp-json\/wp\/v2\/types\/post"}],"author":[{"embeddable":true,"href":"https:\/\/www.albinfo.at\/fr\/wp-json\/wp\/v2\/users\/6"}],"replies":[{"embeddable":true,"href":"https:\/\/www.albinfo.at\/fr\/wp-json\/wp\/v2\/comments?post=845175"}],"version-history":[{"count":1,"href":"https:\/\/www.albinfo.at\/fr\/wp-json\/wp\/v2\/posts\/845175\/revisions"}],"predecessor-version":[{"id":845176,"href":"https:\/\/www.albinfo.at\/fr\/wp-json\/wp\/v2\/posts\/845175\/revisions\/845176"}],"wp:featuredmedia":[{"embeddable":true,"href":"https:\/\/www.albinfo.at\/fr\/wp-json\/wp\/v2\/media\/842533"}],"wp:attachment":[{"href":"https:\/\/www.albinfo.at\/fr\/wp-json\/wp\/v2\/media?parent=845175"}],"wp:term":[{"taxonomy":"category","embeddable":true,"href":"https:\/\/www.albinfo.at\/fr\/wp-json\/wp\/v2\/categories?post=845175"},{"taxonomy":"post_tag","embeddable":true,"href":"https:\/\/www.albinfo.at\/fr\/wp-json\/wp\/v2\/tags?post=845175"},{"taxonomy":"vendi","embeddable":true,"href":"https:\/\/www.albinfo.at\/fr\/wp-json\/wp\/v2\/vendi?post=845175"},{"taxonomy":"content_country","embeddable":true,"href":"https:\/\/www.albinfo.at\/fr\/wp-json\/wp\/v2\/content_country?post=845175"}],"curies":[{"name":"wp","href":"https:\/\/api.w.org\/{rel}","templated":true}]}}