{"id":845143,"date":"2025-07-11T19:36:42","date_gmt":"2025-07-11T17:36:42","guid":{"rendered":"https:\/\/www.albinfo.ch\/?p=845143"},"modified":"2025-07-11T19:37:29","modified_gmt":"2025-07-11T17:37:29","slug":"riola-xhemaili-heureuse-davoir-qualifie-la-suisse","status":"publish","type":"post","link":"https:\/\/www.albinfo.at\/fr\/riola-xhemaili-heureuse-davoir-qualifie-la-suisse\/","title":{"rendered":"Riola Xhemaili, heureuse d\u2019avoir qualifi\u00e9 la Suisse"},"content":{"rendered":"<p data-start=\"315\" data-end=\"481\">La Suisse a c\u00e9l\u00e9br\u00e9 gr\u00e2ce au but de la joueuse albanaise. Ce but restera dans l\u2019histoire, \u00e9crivent les m\u00e9dias\u00a0 20 Minuten\u00a0 ainsi que Blick, rapporte albinfo.ch.<\/p>\n<p data-start=\"483\" data-end=\"594\">Avec ce but, la Suisse s\u2019est qualifi\u00e9e pour la premi\u00e8re fois pour les quarts de finale du Championnat d\u2019Europe.<\/p>\n<p data-start=\"596\" data-end=\"671\">L\u2019Euro se d\u00e9roule en Suisse et pratiquement tout le pays a f\u00eat\u00e9 jeudi soir.<\/p>\n<p data-start=\"673\" data-end=\"800\">&#8221; J\u2019ai voulu courir vers les supporters, mais il y avait une barri\u00e8re et je ne voulais pas tomber dessus &#8220;, a d\u00e9clar\u00e9 Xhemaili.<\/p>\n<p data-start=\"802\" data-end=\"957\">&#8220;C\u2019est incroyable. C\u2019est le meilleur sentiment que j\u2019aie jamais ressenti. C\u2019est comme un beau r\u00eave qui devient r\u00e9alit\u00e9 &#8220;, a ajout\u00e9 l\u2019attaquante albanaise.<\/p>\n<p data-start=\"959\" data-end=\"1304\">Elle n\u2019est entr\u00e9e en jeu qu\u2019\u00e0 la 82e minute. &#8221; Je savais que j\u2019allais marquer ce but. Quand le ballon est arriv\u00e9, je savais exactement o\u00f9 je devais \u00eatre. Il fallait juste que je ne sois pas hors-jeu. Et ensuite le ballon est all\u00e9 au fond. C\u2019est doux de vivre cela, nous le m\u00e9ritons &#8220;, a d\u00e9clar\u00e9 Xhemaili, heureuse d\u2019avoir rendu sa famille fi\u00e8re.<\/p>\n<p data-start=\"1306\" data-end=\"1450\">&#8220;Beaucoup ont dout\u00e9 de moi. Mais je pense que j\u2019ai montr\u00e9 pourquoi je suis ici et que je peux aider l\u2019\u00e9quipe &#8220;, a affirm\u00e9 la joueuse albanaise.<\/p>\n<p data-start=\"1452\" data-end=\"1550\">&#8221; C\u2019est incroyable de voir comment nous faisons toute la Suisse f\u00eater &#8220;, a poursuivi l\u2019attaquante.<\/p>\n","protected":false},"excerpt":{"rendered":"<p>La footballeuse albanaise s\u2019est dite fi\u00e8re d\u2019avoir rendu un peuple heureux<\/p>\n","protected":false},"author":6,"featured_media":844881,"comment_status":"closed","ping_status":"closed","sticky":false,"template":"","format":"standard","meta":{"footnotes":""},"categories":[34880,24671,1169,1481],"tags":[],"vendi":[],"content_country":[31835,31838,31840],"class_list":["post-845143","post","type-post","status-publish","format-standard","has-post-thumbnail","hentry","category-euro-2025-fr","category-football","category-sport-fr","category-uncategorized-fr","content_country-austria-fr","content_country-germany-fr","content_country-zvicer-fr"],"acf":[],"_links":{"self":[{"href":"https:\/\/www.albinfo.at\/fr\/wp-json\/wp\/v2\/posts\/845143","targetHints":{"allow":["GET"]}}],"collection":[{"href":"https:\/\/www.albinfo.at\/fr\/wp-json\/wp\/v2\/posts"}],"about":[{"href":"https:\/\/www.albinfo.at\/fr\/wp-json\/wp\/v2\/types\/post"}],"author":[{"embeddable":true,"href":"https:\/\/www.albinfo.at\/fr\/wp-json\/wp\/v2\/users\/6"}],"replies":[{"embeddable":true,"href":"https:\/\/www.albinfo.at\/fr\/wp-json\/wp\/v2\/comments?post=845143"}],"version-history":[{"count":2,"href":"https:\/\/www.albinfo.at\/fr\/wp-json\/wp\/v2\/posts\/845143\/revisions"}],"predecessor-version":[{"id":845148,"href":"https:\/\/www.albinfo.at\/fr\/wp-json\/wp\/v2\/posts\/845143\/revisions\/845148"}],"wp:featuredmedia":[{"embeddable":true,"href":"https:\/\/www.albinfo.at\/fr\/wp-json\/wp\/v2\/media\/844881"}],"wp:attachment":[{"href":"https:\/\/www.albinfo.at\/fr\/wp-json\/wp\/v2\/media?parent=845143"}],"wp:term":[{"taxonomy":"category","embeddable":true,"href":"https:\/\/www.albinfo.at\/fr\/wp-json\/wp\/v2\/categories?post=845143"},{"taxonomy":"post_tag","embeddable":true,"href":"https:\/\/www.albinfo.at\/fr\/wp-json\/wp\/v2\/tags?post=845143"},{"taxonomy":"vendi","embeddable":true,"href":"https:\/\/www.albinfo.at\/fr\/wp-json\/wp\/v2\/vendi?post=845143"},{"taxonomy":"content_country","embeddable":true,"href":"https:\/\/www.albinfo.at\/fr\/wp-json\/wp\/v2\/content_country?post=845143"}],"curies":[{"name":"wp","href":"https:\/\/api.w.org\/{rel}","templated":true}]}}