{"id":842770,"date":"2025-07-02T10:08:16","date_gmt":"2025-07-02T08:08:16","guid":{"rendered":"https:\/\/www.albinfo.ch\/?p=842770"},"modified":"2025-07-11T10:15:37","modified_gmt":"2025-07-11T08:15:37","slug":"600-000-billets-vendus-pour-leuro-feminin-en-suisse","status":"publish","type":"post","link":"https:\/\/www.albinfo.at\/fr\/600-000-billets-vendus-pour-leuro-feminin-en-suisse\/","title":{"rendered":"600 000 billets vendus pour l\u2019Euro f\u00e9minin en Suisse"},"content":{"rendered":"<p data-start=\"302\" data-end=\"428\">Les billets pour le Championnat d\u2019Europe f\u00e9minin, qui se tiendra cette fois en Suisse, se vendent bien partout, sauf \u00e0 Gen\u00e8ve.<\/p>\n<p data-start=\"430\" data-end=\"496\">Sur les 670 000 billets mis en vente, 600 000 ont d\u00e9j\u00e0 \u00e9t\u00e9 vendus.<\/p>\n<p data-start=\"498\" data-end=\"667\">La plupart des places pour les matches sont d\u00e9sormais compl\u00e8tes, \u00e0 l\u2019exception de deux rencontres qui se joueront au Stade de Gen\u00e8ve : Danemark-Su\u00e8de et Portugal-Italie.<\/p>\n<p data-start=\"669\" data-end=\"860\">Les quarts de finale et les demi-finales pr\u00e9vus \u00e0 Gen\u00e8ve sont d\u00e9j\u00e0 complets, mais il reste un myst\u00e8re quant aux raisons pour lesquelles ces deux matches de groupe peinent \u00e0 attirer le public.<\/p>\n<p data-start=\"862\" data-end=\"1160\">Certains commentateurs estiment qu\u2019il est en partie compr\u00e9hensible que le match Danemark-Su\u00e8de ait du mal \u00e0 faire le plein, mais ils sont surpris que la rencontre entre le Portugal et l\u2019Italie ne se vende pas non plus, \u00e9tant donn\u00e9 la forte pr\u00e9sence des communaut\u00e9s italienne et portugaise \u00e0 Gen\u00e8ve.<\/p>\n<p data-start=\"1162\" data-end=\"1242\">On esp\u00e8re qu\u2019avec le coup d\u2019envoi du tournoi, les ventes de billets reprendront.<\/p>\n","protected":false},"excerpt":{"rendered":"<p>670 000 billets \u00e9taient disponibles et 600 000 ont d\u00e9j\u00e0 trouv\u00e9 preneur.<\/p>\n","protected":false},"author":6,"featured_media":828434,"comment_status":"closed","ping_status":"closed","sticky":false,"template":"","format":"standard","meta":{"footnotes":""},"categories":[34880,18826,1169,1170],"tags":[],"vendi":[],"content_country":[31835,31838,31840],"class_list":["post-842770","post","type-post","status-publish","format-standard","has-post-thumbnail","hentry","category-euro-2025-fr","category-lajme-jeta-ne-zvicer-fr","category-sport-fr","category-vivre-en-suisse","content_country-austria-fr","content_country-germany-fr","content_country-zvicer-fr"],"acf":[],"_links":{"self":[{"href":"https:\/\/www.albinfo.at\/fr\/wp-json\/wp\/v2\/posts\/842770","targetHints":{"allow":["GET"]}}],"collection":[{"href":"https:\/\/www.albinfo.at\/fr\/wp-json\/wp\/v2\/posts"}],"about":[{"href":"https:\/\/www.albinfo.at\/fr\/wp-json\/wp\/v2\/types\/post"}],"author":[{"embeddable":true,"href":"https:\/\/www.albinfo.at\/fr\/wp-json\/wp\/v2\/users\/6"}],"replies":[{"embeddable":true,"href":"https:\/\/www.albinfo.at\/fr\/wp-json\/wp\/v2\/comments?post=842770"}],"version-history":[{"count":1,"href":"https:\/\/www.albinfo.at\/fr\/wp-json\/wp\/v2\/posts\/842770\/revisions"}],"predecessor-version":[{"id":842772,"href":"https:\/\/www.albinfo.at\/fr\/wp-json\/wp\/v2\/posts\/842770\/revisions\/842772"}],"wp:featuredmedia":[{"embeddable":true,"href":"https:\/\/www.albinfo.at\/fr\/wp-json\/wp\/v2\/media\/828434"}],"wp:attachment":[{"href":"https:\/\/www.albinfo.at\/fr\/wp-json\/wp\/v2\/media?parent=842770"}],"wp:term":[{"taxonomy":"category","embeddable":true,"href":"https:\/\/www.albinfo.at\/fr\/wp-json\/wp\/v2\/categories?post=842770"},{"taxonomy":"post_tag","embeddable":true,"href":"https:\/\/www.albinfo.at\/fr\/wp-json\/wp\/v2\/tags?post=842770"},{"taxonomy":"vendi","embeddable":true,"href":"https:\/\/www.albinfo.at\/fr\/wp-json\/wp\/v2\/vendi?post=842770"},{"taxonomy":"content_country","embeddable":true,"href":"https:\/\/www.albinfo.at\/fr\/wp-json\/wp\/v2\/content_country?post=842770"}],"curies":[{"name":"wp","href":"https:\/\/api.w.org\/{rel}","templated":true}]}}