{"id":841756,"date":"2025-06-27T20:05:53","date_gmt":"2025-06-27T18:05:53","guid":{"rendered":"https:\/\/www.albinfo.ch\/?p=841756"},"modified":"2025-06-27T20:06:23","modified_gmt":"2025-06-27T18:06:23","slug":"riola-morina-nommee-assistante-a-luniversite-de-bale","status":"publish","type":"post","link":"https:\/\/www.albinfo.at\/fr\/riola-morina-nommee-assistante-a-luniversite-de-bale\/","title":{"rendered":"Riola Morina nomm\u00e9e assistante \u00e0 l\u2019Universit\u00e9 de B\u00e2le"},"content":{"rendered":"<p>Un succ\u00e8s acad\u00e9mique particulier nous vient de Kamenica. Riola Morina a \u00e9t\u00e9 accept\u00e9e en tant qu\u2019assistante au D\u00e9partement de linguistique anglaise de l\u2019une des universit\u00e9s les plus prestigieuses d\u2019Europe, l\u2019Universit\u00e9 de B\u00e2le, \u00e9crit albinfo.ch.<\/p>\n<p>Dans son nouveau r\u00f4le, elle participera \u00e0 la recherche et \u00e0 l\u2019enseignement sous la direction de la Prof. Dr. Miriam Locher, une figure reconnue au niveau international dans le domaine de la pragmatique et de la communication sociale.<\/p>\n<p>Le travail de Riola comprendra des t\u00e2ches acad\u00e9miques et de recherche, avec un accent sur le d\u00e9veloppement professionnel et scientifique au sein d\u2019un environnement international avanc\u00e9. Son int\u00e9gration dans cette institution souligne une fois de plus le potentiel et la qualit\u00e9 de la formation des jeunes Albanais dans le monde acad\u00e9mique international.<\/p>\n<p>Cette nomination repr\u00e9sente non seulement une r\u00e9ussite personnelle pour Morina, mais aussi un moment de fiert\u00e9 pour la communaut\u00e9 dont elle est issue. \/albinfo.ch<\/p>\n","protected":false},"excerpt":{"rendered":"<p>Riola Morina entame une carri\u00e8re acad\u00e9mique dans une universit\u00e9 internationale, \u00e0 B\u00e2le<\/p>\n","protected":false},"author":6,"featured_media":841596,"comment_status":"closed","ping_status":"closed","sticky":false,"template":"","format":"standard","meta":{"footnotes":""},"categories":[23271,24637,1164,1165,3949,18826,23270,24630,1159,1163,1170],"tags":[],"vendi":[],"content_country":[31835,31838,31840],"class_list":["post-841756","post","type-post","status-publish","format-standard","has-post-thumbnail","hentry","category-kosovo","category-nouvelles-fr-4","category-integration-fr","category-femmes","category-kosova-fr","category-lajme-jeta-ne-zvicer-fr","category-at-balkani-fr","category-nouvelles","category-ch-balkans","category-fr-e-diaspora","category-vivre-en-suisse","content_country-austria-fr","content_country-germany-fr","content_country-zvicer-fr"],"acf":[],"_links":{"self":[{"href":"https:\/\/www.albinfo.at\/fr\/wp-json\/wp\/v2\/posts\/841756","targetHints":{"allow":["GET"]}}],"collection":[{"href":"https:\/\/www.albinfo.at\/fr\/wp-json\/wp\/v2\/posts"}],"about":[{"href":"https:\/\/www.albinfo.at\/fr\/wp-json\/wp\/v2\/types\/post"}],"author":[{"embeddable":true,"href":"https:\/\/www.albinfo.at\/fr\/wp-json\/wp\/v2\/users\/6"}],"replies":[{"embeddable":true,"href":"https:\/\/www.albinfo.at\/fr\/wp-json\/wp\/v2\/comments?post=841756"}],"version-history":[{"count":2,"href":"https:\/\/www.albinfo.at\/fr\/wp-json\/wp\/v2\/posts\/841756\/revisions"}],"predecessor-version":[{"id":841758,"href":"https:\/\/www.albinfo.at\/fr\/wp-json\/wp\/v2\/posts\/841756\/revisions\/841758"}],"wp:featuredmedia":[{"embeddable":true,"href":"https:\/\/www.albinfo.at\/fr\/wp-json\/wp\/v2\/media\/841596"}],"wp:attachment":[{"href":"https:\/\/www.albinfo.at\/fr\/wp-json\/wp\/v2\/media?parent=841756"}],"wp:term":[{"taxonomy":"category","embeddable":true,"href":"https:\/\/www.albinfo.at\/fr\/wp-json\/wp\/v2\/categories?post=841756"},{"taxonomy":"post_tag","embeddable":true,"href":"https:\/\/www.albinfo.at\/fr\/wp-json\/wp\/v2\/tags?post=841756"},{"taxonomy":"vendi","embeddable":true,"href":"https:\/\/www.albinfo.at\/fr\/wp-json\/wp\/v2\/vendi?post=841756"},{"taxonomy":"content_country","embeddable":true,"href":"https:\/\/www.albinfo.at\/fr\/wp-json\/wp\/v2\/content_country?post=841756"}],"curies":[{"name":"wp","href":"https:\/\/api.w.org\/{rel}","templated":true}]}}