{"id":838132,"date":"2025-06-12T21:53:26","date_gmt":"2025-06-12T19:53:26","guid":{"rendered":"https:\/\/www.albinfo.ch\/?p=838132"},"modified":"2025-06-12T21:53:26","modified_gmt":"2025-06-12T19:53:26","slug":"le-capitaine-du-kosovo-recoit-une-offre-allechante-darabie-saoudite","status":"publish","type":"post","link":"https:\/\/www.albinfo.at\/fr\/le-capitaine-du-kosovo-recoit-une-offre-allechante-darabie-saoudite\/","title":{"rendered":"Le capitaine du Kosovo re\u00e7oit une offre all\u00e9chante d\u2019Arabie saoudite"},"content":{"rendered":"<p data-start=\"124\" data-end=\"244\">Une offre tr\u00e8s int\u00e9ressante en provenance d\u2019Arabie saoudite semble faire r\u00e9fl\u00e9chir s\u00e9rieusement le capitaine du Kosovo, Amir Rrahmani.<\/p>\n<p data-start=\"1183\" data-end=\"1372\">Selon La Gazzetta dello Sport, l\u2019avenir du d\u00e9fenseur est au centre de l\u2019attention, car le joueur de Naples examine une proposition g\u00e9n\u00e9reuse venant d\u2019Arabie saoudite, rapporte albinfo.ch.<\/p>\n<p data-start=\"1374\" data-end=\"1670\">Rrahmani, qui a rejoint Naples en 2020 et a \u00e9t\u00e9 un acteur cl\u00e9 lors des deux saisons historiques du titre de champion, est \u00e2g\u00e9 de 30 ans. Un transfert au Moyen-Orient pourrait repr\u00e9senter sa derni\u00e8re chance de signer un contrat important sur le plan financier dans un championnat moins comp\u00e9titif.<\/p>\n<p data-start=\"1672\" data-end=\"1835\">Le club napolitain est conscient du d\u00e9part possible de l\u2019un de ses d\u00e9fenseurs les plus fiables et a d\u00e9j\u00e0 entam\u00e9 les d\u00e9marches pour lui trouver un rempla\u00e7ant digne.<\/p>\n","protected":false},"excerpt":{"rendered":"<p>Amir Rrahmani a remport\u00e9 deux fois le titre en Italie avec Naples.<\/p>\n","protected":false},"author":6,"featured_media":646012,"comment_status":"closed","ping_status":"closed","sticky":false,"template":"","format":"standard","meta":{"footnotes":""},"categories":[24671,1169],"tags":[],"vendi":[],"content_country":[31835,31838,31840],"class_list":["post-838132","post","type-post","status-publish","format-standard","has-post-thumbnail","hentry","category-football","category-sport-fr","content_country-austria-fr","content_country-germany-fr","content_country-zvicer-fr"],"acf":[],"_links":{"self":[{"href":"https:\/\/www.albinfo.at\/fr\/wp-json\/wp\/v2\/posts\/838132","targetHints":{"allow":["GET"]}}],"collection":[{"href":"https:\/\/www.albinfo.at\/fr\/wp-json\/wp\/v2\/posts"}],"about":[{"href":"https:\/\/www.albinfo.at\/fr\/wp-json\/wp\/v2\/types\/post"}],"author":[{"embeddable":true,"href":"https:\/\/www.albinfo.at\/fr\/wp-json\/wp\/v2\/users\/6"}],"replies":[{"embeddable":true,"href":"https:\/\/www.albinfo.at\/fr\/wp-json\/wp\/v2\/comments?post=838132"}],"version-history":[{"count":1,"href":"https:\/\/www.albinfo.at\/fr\/wp-json\/wp\/v2\/posts\/838132\/revisions"}],"predecessor-version":[{"id":838134,"href":"https:\/\/www.albinfo.at\/fr\/wp-json\/wp\/v2\/posts\/838132\/revisions\/838134"}],"wp:featuredmedia":[{"embeddable":true,"href":"https:\/\/www.albinfo.at\/fr\/wp-json\/wp\/v2\/media\/646012"}],"wp:attachment":[{"href":"https:\/\/www.albinfo.at\/fr\/wp-json\/wp\/v2\/media?parent=838132"}],"wp:term":[{"taxonomy":"category","embeddable":true,"href":"https:\/\/www.albinfo.at\/fr\/wp-json\/wp\/v2\/categories?post=838132"},{"taxonomy":"post_tag","embeddable":true,"href":"https:\/\/www.albinfo.at\/fr\/wp-json\/wp\/v2\/tags?post=838132"},{"taxonomy":"vendi","embeddable":true,"href":"https:\/\/www.albinfo.at\/fr\/wp-json\/wp\/v2\/vendi?post=838132"},{"taxonomy":"content_country","embeddable":true,"href":"https:\/\/www.albinfo.at\/fr\/wp-json\/wp\/v2\/content_country?post=838132"}],"curies":[{"name":"wp","href":"https:\/\/api.w.org\/{rel}","templated":true}]}}