{"id":837956,"date":"2025-06-12T12:41:19","date_gmt":"2025-06-12T10:41:19","guid":{"rendered":"https:\/\/www.albinfo.ch\/?p=837956"},"modified":"2025-06-12T12:41:19","modified_gmt":"2025-06-12T10:41:19","slug":"kosovare-asllani-est-convoquee-pour-leuro-feminin-en-suisse","status":"publish","type":"post","link":"https:\/\/www.albinfo.at\/fr\/kosovare-asllani-est-convoquee-pour-leuro-feminin-en-suisse\/","title":{"rendered":"Kosovare Asllani est convoqu\u00e9e pour l&#8217;Euro f\u00e9minin en Suisse"},"content":{"rendered":"<p data-start=\"110\" data-end=\"270\">La footballeuse albanaise Kosovare Asllani fera partie de l&#8217;\u00e9quipe nationale su\u00e9doise pour le Championnat d&#8217;Europe de football f\u00e9minin qui se tiendra en Suisse.<\/p>\n<p data-start=\"272\" data-end=\"434\">La Su\u00e8de a publi\u00e9 la liste d\u00e9finitive des joueuses s\u00e9lectionn\u00e9es pour l&#8217;Euro, et la joueuse exp\u00e9riment\u00e9e originaire du Kosovo en fait partie, rapporte albinfo.ch.<\/p>\n<p data-start=\"436\" data-end=\"659\">\u00c2g\u00e9e de 35 ans, Asllani est l\u2019une des joueuses les plus exp\u00e9riment\u00e9es de la s\u00e9lection su\u00e9doise, ayant particip\u00e9 \u00e0 des comp\u00e9titions majeures telles que le Championnat d\u2019Europe, la Coupe du monde et les Jeux olympiques d\u2019\u00e9t\u00e9.<\/p>\n<p data-start=\"661\" data-end=\"720\">Elle a disput\u00e9 196 matchs avec la Su\u00e8de et inscrit 48 buts.<\/p>\n<p data-start=\"722\" data-end=\"761\">L&#8217;Euro se d\u00e9roulera du 2 au 27 juillet.<\/p>\n<p><iframe loading=\"lazy\" style=\"border: none; overflow: hidden;\" src=\"https:\/\/www.facebook.com\/plugins\/post.php?href=https%3A%2F%2Fwww.facebook.com%2Fsvenskfotboll%2Fposts%2F1154034666760376&amp;show_text=true&amp;width=500\" width=\"500\" height=\"615\" frameborder=\"0\" scrolling=\"no\" allowfullscreen=\"allowfullscreen\" data-mce-fragment=\"1\"><\/iframe><\/p>\n<p><iframe loading=\"lazy\" style=\"border: none; overflow: hidden;\" src=\"https:\/\/www.facebook.com\/plugins\/post.php?href=https%3A%2F%2Fwww.facebook.com%2Fsvenskfotboll%2Fposts%2F1154082290088947&amp;show_text=true&amp;width=500\" width=\"500\" height=\"670\" frameborder=\"0\" scrolling=\"no\" allowfullscreen=\"allowfullscreen\" data-mce-fragment=\"1\"><\/iframe><\/p>\n","protected":false},"excerpt":{"rendered":"<p>La Su\u00e8de a publi\u00e9 la liste finale pour le Championnat d&#8217;Europe de football f\u00e9minin qui se tiendra en Suisse.<\/p>\n","protected":false},"author":6,"featured_media":828437,"comment_status":"closed","ping_status":"closed","sticky":false,"template":"","format":"standard","meta":{"footnotes":""},"categories":[24671,1169],"tags":[],"vendi":[],"content_country":[31835,31838,31840],"class_list":["post-837956","post","type-post","status-publish","format-standard","has-post-thumbnail","hentry","category-football","category-sport-fr","content_country-austria-fr","content_country-germany-fr","content_country-zvicer-fr"],"acf":[],"_links":{"self":[{"href":"https:\/\/www.albinfo.at\/fr\/wp-json\/wp\/v2\/posts\/837956","targetHints":{"allow":["GET"]}}],"collection":[{"href":"https:\/\/www.albinfo.at\/fr\/wp-json\/wp\/v2\/posts"}],"about":[{"href":"https:\/\/www.albinfo.at\/fr\/wp-json\/wp\/v2\/types\/post"}],"author":[{"embeddable":true,"href":"https:\/\/www.albinfo.at\/fr\/wp-json\/wp\/v2\/users\/6"}],"replies":[{"embeddable":true,"href":"https:\/\/www.albinfo.at\/fr\/wp-json\/wp\/v2\/comments?post=837956"}],"version-history":[{"count":1,"href":"https:\/\/www.albinfo.at\/fr\/wp-json\/wp\/v2\/posts\/837956\/revisions"}],"predecessor-version":[{"id":837957,"href":"https:\/\/www.albinfo.at\/fr\/wp-json\/wp\/v2\/posts\/837956\/revisions\/837957"}],"wp:featuredmedia":[{"embeddable":true,"href":"https:\/\/www.albinfo.at\/fr\/wp-json\/wp\/v2\/media\/828437"}],"wp:attachment":[{"href":"https:\/\/www.albinfo.at\/fr\/wp-json\/wp\/v2\/media?parent=837956"}],"wp:term":[{"taxonomy":"category","embeddable":true,"href":"https:\/\/www.albinfo.at\/fr\/wp-json\/wp\/v2\/categories?post=837956"},{"taxonomy":"post_tag","embeddable":true,"href":"https:\/\/www.albinfo.at\/fr\/wp-json\/wp\/v2\/tags?post=837956"},{"taxonomy":"vendi","embeddable":true,"href":"https:\/\/www.albinfo.at\/fr\/wp-json\/wp\/v2\/vendi?post=837956"},{"taxonomy":"content_country","embeddable":true,"href":"https:\/\/www.albinfo.at\/fr\/wp-json\/wp\/v2\/content_country?post=837956"}],"curies":[{"name":"wp","href":"https:\/\/api.w.org\/{rel}","templated":true}]}}