{"id":837786,"date":"2025-06-11T21:28:48","date_gmt":"2025-06-11T19:28:48","guid":{"rendered":"https:\/\/www.albinfo.ch\/?p=837786"},"modified":"2025-06-11T21:28:48","modified_gmt":"2025-06-11T19:28:48","slug":"la-suisse-simpose-largement-en-amical-contre-les-etats-unis","status":"publish","type":"post","link":"https:\/\/www.albinfo.at\/fr\/la-suisse-simpose-largement-en-amical-contre-les-etats-unis\/","title":{"rendered":"La Suisse s\u2019impose largement en amical contre les \u00c9tats-Unis"},"content":{"rendered":"<article class=\"text-token-text-primary w-full\" dir=\"auto\" data-testid=\"conversation-turn-82\" data-scroll-anchor=\"true\">\n<div class=\"text-base my-auto mx-auto py-5 [--thread-content-margin:--spacing(4)] @[37rem]:[--thread-content-margin:--spacing(6)] @[72rem]:[--thread-content-margin:--spacing(16)] px-(--thread-content-margin)\">\n<div class=\"[--thread-content-max-width:32rem] @[34rem]:[--thread-content-max-width:40rem] @[64rem]:[--thread-content-max-width:48rem] mx-auto flex max-w-(--thread-content-max-width) flex-1 text-base gap-4 md:gap-5 lg:gap-6 group\/turn-messages focus-visible:outline-hidden\" tabindex=\"-1\">\n<div class=\"group\/conversation-turn relative flex w-full min-w-0 flex-col agent-turn\">\n<div class=\"relative flex-col gap-1 md:gap-3\">\n<div class=\"flex max-w-full flex-col grow\">\n<div class=\"min-h-8 text-message relative flex w-full flex-col items-end gap-2 text-start break-words whitespace-normal [.text-message+&amp;]:mt-5\" dir=\"auto\" data-message-author-role=\"assistant\" data-message-id=\"3aa006f0-a3b4-4d9b-8426-e32e46bf385b\" data-message-model-slug=\"gpt-4o\">\n<div class=\"flex w-full flex-col gap-1 empty:hidden first:pt-[3px]\">\n<div class=\"markdown prose dark:prose-invert w-full break-words light\">\n<p data-start=\"129\" data-end=\"255\">La Suisse a remport\u00e9 son match amical \u00e0 l\u2019ext\u00e9rieur contre les \u00c9tats-Unis sur un score convaincant de 4 \u00e0 0, \u00e9crit albinfo.ch.<\/p>\n<p data-start=\"257\" data-end=\"336\">La Nati a domin\u00e9 la rencontre et a scell\u00e9 la victoire d\u00e8s la premi\u00e8re mi-temps.<\/p>\n<p data-start=\"338\" data-end=\"413\">Les buts suisses ont \u00e9t\u00e9 inscrits par Ndoye, Aebischer, Embolo et Manzambi.<\/p>\n<p data-start=\"415\" data-end=\"575\">Granit Xhaka a port\u00e9 le brassard de capitaine pour ce match, tandis qu\u2019Ardon Jashari a d\u00e9but\u00e9 la rencontre et a d\u00e9livr\u00e9 une passe d\u00e9cisive sur le quatri\u00e8me but.<\/p>\n<p data-start=\"577\" data-end=\"665\">Xhaka a jou\u00e9 66 minutes, tandis que Jashari est rest\u00e9 sur le terrain pendant 84 minutes.<\/p>\n<\/div>\n<\/div>\n<\/div>\n<\/div>\n<\/div>\n<\/div>\n<\/div>\n<\/div>\n<\/article>\n","protected":false},"excerpt":{"rendered":"<p>La Nati s\u2019est impos\u00e9e largement 4 \u00e0 0 lors du match amical contre les \u00c9tats-Unis.<\/p>\n","protected":false},"author":6,"featured_media":837594,"comment_status":"closed","ping_status":"closed","sticky":false,"template":"","format":"standard","meta":{"footnotes":""},"categories":[24671,1169],"tags":[],"vendi":[],"content_country":[31835,31838,31840],"class_list":["post-837786","post","type-post","status-publish","format-standard","has-post-thumbnail","hentry","category-football","category-sport-fr","content_country-austria-fr","content_country-germany-fr","content_country-zvicer-fr"],"acf":[],"_links":{"self":[{"href":"https:\/\/www.albinfo.at\/fr\/wp-json\/wp\/v2\/posts\/837786","targetHints":{"allow":["GET"]}}],"collection":[{"href":"https:\/\/www.albinfo.at\/fr\/wp-json\/wp\/v2\/posts"}],"about":[{"href":"https:\/\/www.albinfo.at\/fr\/wp-json\/wp\/v2\/types\/post"}],"author":[{"embeddable":true,"href":"https:\/\/www.albinfo.at\/fr\/wp-json\/wp\/v2\/users\/6"}],"replies":[{"embeddable":true,"href":"https:\/\/www.albinfo.at\/fr\/wp-json\/wp\/v2\/comments?post=837786"}],"version-history":[{"count":1,"href":"https:\/\/www.albinfo.at\/fr\/wp-json\/wp\/v2\/posts\/837786\/revisions"}],"predecessor-version":[{"id":837787,"href":"https:\/\/www.albinfo.at\/fr\/wp-json\/wp\/v2\/posts\/837786\/revisions\/837787"}],"wp:featuredmedia":[{"embeddable":true,"href":"https:\/\/www.albinfo.at\/fr\/wp-json\/wp\/v2\/media\/837594"}],"wp:attachment":[{"href":"https:\/\/www.albinfo.at\/fr\/wp-json\/wp\/v2\/media?parent=837786"}],"wp:term":[{"taxonomy":"category","embeddable":true,"href":"https:\/\/www.albinfo.at\/fr\/wp-json\/wp\/v2\/categories?post=837786"},{"taxonomy":"post_tag","embeddable":true,"href":"https:\/\/www.albinfo.at\/fr\/wp-json\/wp\/v2\/tags?post=837786"},{"taxonomy":"vendi","embeddable":true,"href":"https:\/\/www.albinfo.at\/fr\/wp-json\/wp\/v2\/vendi?post=837786"},{"taxonomy":"content_country","embeddable":true,"href":"https:\/\/www.albinfo.at\/fr\/wp-json\/wp\/v2\/content_country?post=837786"}],"curies":[{"name":"wp","href":"https:\/\/api.w.org\/{rel}","templated":true}]}}