{"id":835922,"date":"2025-06-04T22:38:50","date_gmt":"2025-06-04T20:38:50","guid":{"rendered":"https:\/\/www.albinfo.ch\/?p=835922"},"modified":"2025-06-04T22:38:50","modified_gmt":"2025-06-04T20:38:50","slug":"bale-remercie-taulant-xhaka","status":"publish","type":"post","link":"https:\/\/www.albinfo.at\/fr\/bale-remercie-taulant-xhaka\/","title":{"rendered":"B\u00e2le remercie Taulant Xhaka"},"content":{"rendered":"<p data-start=\"87\" data-end=\"186\">Le club du FC B\u00e2le remercie Taulant Xhaka pour toutes les ann\u00e9es de contribution, \u00e9crit albinfo.ch.<\/p>\n<p data-start=\"188\" data-end=\"259\">&#8220;Apr\u00e8s toutes ces ann\u00e9es en rouge et bleu, il est temps de dire merci.<\/p>\n<p data-start=\"261\" data-end=\"578\">Tu \u00e9tais bien plus qu\u2019un simple joueur. Tu \u00e9tais un guerrier, un leader, quelqu\u2019un qui a laiss\u00e9 sa marque. Avec passion, engagement et efforts inlassables, tu as fa\u00e7onn\u00e9 le FC B\u00e2le\u00a0 sur le terrain et en dehors. Tu as remport\u00e9 des titres, surmont\u00e9 des obstacles et tu t\u2019es toujours battu pour l\u2019\u00e9quipe rouge et bleue.<\/p>\n<p data-start=\"580\" data-end=\"683\">Ta loyaut\u00e9 et ton attachement au club seront toujours m\u00e9moris\u00e9s. Tu es un enfant de B\u00e2le jusqu\u2019au bout.<\/p>\n<p data-start=\"685\" data-end=\"768\">Merci pour tout, Tauli. Pour les \u00e9motions, les moments et ta fid\u00e9lit\u00e9 ind\u00e9fectible.<\/p>\n<p data-start=\"770\" data-end=\"817\">Une fois rouge et bleu, toujours rouge et bleu.<\/p>\n<p data-start=\"819\" data-end=\"849\">Pour toujours notre num\u00e9ro 34.<\/p>\n<p data-start=\"851\" data-end=\"927\">Ton FC B\u00e2le 1893 &#8220;, rapporte la lettre de remerciement publi\u00e9e sur Facebook.<\/p>\n","protected":false},"excerpt":{"rendered":"<p>&#8220;Tu \u00e9tais plus qu&#8217;un simple joueur. Tu \u00e9tais un combattant, un leader, quelqu&#8217;un qui a laiss\u00e9 une empreinte.&#8221;<\/p>\n","protected":false},"author":6,"featured_media":833290,"comment_status":"closed","ping_status":"closed","sticky":false,"template":"","format":"standard","meta":{"footnotes":""},"categories":[24671,1169],"tags":[],"vendi":[],"content_country":[31835,31838,31840],"class_list":["post-835922","post","type-post","status-publish","format-standard","has-post-thumbnail","hentry","category-football","category-sport-fr","content_country-austria-fr","content_country-germany-fr","content_country-zvicer-fr"],"acf":[],"_links":{"self":[{"href":"https:\/\/www.albinfo.at\/fr\/wp-json\/wp\/v2\/posts\/835922","targetHints":{"allow":["GET"]}}],"collection":[{"href":"https:\/\/www.albinfo.at\/fr\/wp-json\/wp\/v2\/posts"}],"about":[{"href":"https:\/\/www.albinfo.at\/fr\/wp-json\/wp\/v2\/types\/post"}],"author":[{"embeddable":true,"href":"https:\/\/www.albinfo.at\/fr\/wp-json\/wp\/v2\/users\/6"}],"replies":[{"embeddable":true,"href":"https:\/\/www.albinfo.at\/fr\/wp-json\/wp\/v2\/comments?post=835922"}],"version-history":[{"count":1,"href":"https:\/\/www.albinfo.at\/fr\/wp-json\/wp\/v2\/posts\/835922\/revisions"}],"predecessor-version":[{"id":835927,"href":"https:\/\/www.albinfo.at\/fr\/wp-json\/wp\/v2\/posts\/835922\/revisions\/835927"}],"wp:featuredmedia":[{"embeddable":true,"href":"https:\/\/www.albinfo.at\/fr\/wp-json\/wp\/v2\/media\/833290"}],"wp:attachment":[{"href":"https:\/\/www.albinfo.at\/fr\/wp-json\/wp\/v2\/media?parent=835922"}],"wp:term":[{"taxonomy":"category","embeddable":true,"href":"https:\/\/www.albinfo.at\/fr\/wp-json\/wp\/v2\/categories?post=835922"},{"taxonomy":"post_tag","embeddable":true,"href":"https:\/\/www.albinfo.at\/fr\/wp-json\/wp\/v2\/tags?post=835922"},{"taxonomy":"vendi","embeddable":true,"href":"https:\/\/www.albinfo.at\/fr\/wp-json\/wp\/v2\/vendi?post=835922"},{"taxonomy":"content_country","embeddable":true,"href":"https:\/\/www.albinfo.at\/fr\/wp-json\/wp\/v2\/content_country?post=835922"}],"curies":[{"name":"wp","href":"https:\/\/api.w.org\/{rel}","templated":true}]}}