{"id":833820,"date":"2025-05-27T15:14:18","date_gmt":"2025-05-27T13:14:18","guid":{"rendered":"https:\/\/www.albinfo.ch\/?p=833820"},"modified":"2025-05-27T15:14:18","modified_gmt":"2025-05-27T13:14:18","slug":"rinesa-obtient-son-diplome-en-suisse-et-figure-parmi-les-etudiantes-les-plus-brillantes-de-sa-promotion","status":"publish","type":"post","link":"https:\/\/www.albinfo.at\/fr\/rinesa-obtient-son-diplome-en-suisse-et-figure-parmi-les-etudiantes-les-plus-brillantes-de-sa-promotion\/","title":{"rendered":"Rinesa obtient son dipl\u00f4me en Suisse et figure parmi les \u00e9tudiantes les plus brillantes de sa promotion"},"content":{"rendered":"<div class=\"flex basis-auto flex-col -mb-(--composer-overlap-px) [--composer-overlap-px:24px] grow overflow-hidden\">\n<div class=\"relative h-full\">\n<div class=\"flex h-full flex-col overflow-y-auto [scrollbar-gutter:stable_both-edges] @[84rem]\/thread:pt-(--header-height)\">\n<div class=\"@thread-xl\/thread:pt-header-height mt-1.5 flex flex-col text-sm pb-25\">\n<article class=\"text-token-text-primary w-full\" dir=\"auto\" data-testid=\"conversation-turn-122\" data-scroll-anchor=\"true\">\n<div class=\"text-base my-auto mx-auto py-5 [--thread-content-margin:--spacing(4)] @[37rem]:[--thread-content-margin:--spacing(6)] @[72rem]:[--thread-content-margin:--spacing(16)]\">\n<div class=\"relative flex flex-col\">\n<div class=\"[--thread-content-max-width:32rem] @[34rem]:[--thread-content-max-width:40rem] @[64rem]:[--thread-content-max-width:48rem] horzScrollShadows relative -mb-2 snap-x snap-mandatory overflow-x-auto overflow-y-clip pb-4\">\n<div class=\"mx-auto box-content max-w-[calc(2*var(--thread-content-max-width))] min-w-min px-(--thread-content-margin) flex items-start gap-4 sm:gap-6\">\n<div class=\"@container relative flex min-w-[min(450px,80cqw,80vw)] flex-1 snap-center flex-col gap-1 text-start border-token-border-tertiary rounded-xl border shadow-lg shadow-black\/3\" data-paragen-root=\"true\">\n<div class=\"[--thread-content-margin:--spacing(4)] @[37rem]:[--thread-content-margin:--spacing(6)] @[72rem]:[--thread-content-margin:--spacing(16)] px-(--thread-content-margin) py-4\">\n<div class=\"flex max-w-full flex-col\">\n<div class=\"min-h-8 text-message relative flex w-full flex-col items-end gap-2 text-start break-words whitespace-normal [.text-message+&amp;]:mt-5\" dir=\"auto\" data-message-author-role=\"assistant\" data-message-id=\"2224e73e-cb4c-4025-abb6-63285987d757\" data-message-model-slug=\"gpt-4o\">\n<div class=\"flex w-full flex-col gap-1 empty:hidden first:pt-[3px]\">\n<div class=\"markdown prose dark:prose-invert w-full break-words light\">\u00a0Elle s\u2019appelle Rinesa, elle est originaire du Kosovo, plus pr\u00e9cis\u00e9ment de la ville de Gjilan, et elle vient de conna\u00eetre un grand succ\u00e8s acad\u00e9mique en obtenant son dipl\u00f4me avec d\u2019excellents r\u00e9sultats \u00e0 l\u2019Universit\u00e9 <em data-start=\"1552\" data-end=\"1561\">Webster<\/em> de Gen\u00e8ve, l\u2019un des \u00e9tablissements d\u2019enseignement sup\u00e9rieur les plus prestigieux de Suisse, rapporte albinfo.ch.<\/div>\n<\/div>\n<\/div>\n<\/div>\n<\/div>\n<\/div>\n<div class=\"@container relative flex min-w-[min(450px,80cqw,80vw)] flex-1 snap-center flex-col gap-1 text-start border-token-border-tertiary rounded-xl border shadow-lg shadow-black\/3\" data-paragen-root=\"true\">\n<div class=\"[--thread-content-margin:--spacing(4)] @[37rem]:[--thread-content-margin:--spacing(6)] @[72rem]:[--thread-content-margin:--spacing(16)] px-(--thread-content-margin) py-4\">\n<div class=\"flex max-w-full flex-col\">\n<div class=\"min-h-8 text-message relative flex w-full flex-col items-end gap-2 text-start break-words whitespace-normal [.text-message+&amp;]:mt-5\" dir=\"auto\" data-message-author-role=\"assistant\" data-message-id=\"22ebec1b-bac5-45cf-a372-8818654311bb\" data-message-model-slug=\"gpt-4o\">\n<div class=\"flex w-full flex-col gap-1 empty:hidden first:pt-[3px]\">\n<div class=\"markdown prose dark:prose-invert w-full break-words light\">\n<p data-start=\"1676\" data-end=\"1700\">Mais ce n\u2019est pas tout !<\/p>\n<p data-start=\"1702\" data-end=\"1963\">Rinesa s\u2019est distingu\u00e9e par ses r\u00e9sultats et son intelligence tout au long de ses \u00e9tudes. C\u2019est pourquoi les repr\u00e9sentants de l\u2019Universit\u00e9 <em data-start=\"1841\" data-end=\"1850\">Webster<\/em> l\u2019ont d\u00e9sign\u00e9e comme l\u2019une des six \u00e9tudiantes les plus remarquables de sa promotion, rapporte encore albinfo.ch.<\/p>\n<p data-start=\"1965\" data-end=\"2188\">Cette reconnaissance a \u00e9t\u00e9 accord\u00e9e par les professeurs eux-m\u00eames, soulignant la performance de Rinesa qui a obtenu deux dipl\u00f4mes en parall\u00e8le, t\u00e9moignant ainsi de son engagement et de son potentiel acad\u00e9mique exceptionnel.<\/p>\n<p data-start=\"2190\" data-end=\"2358\">C\u2019est un nouvel exemple inspirant de jeunes issus de la diaspora qui font preuve d\u2019un haut niveau professionnel et intellectuel sur la sc\u00e8ne internationale. \/albinfo.ch<\/p>\n<\/div>\n<\/div>\n<\/div>\n<\/div>\n<\/div>\n<\/div>\n<\/div>\n<\/div>\n<\/div>\n<\/div>\n<\/article>\n<\/div>\n<\/div>\n<\/div>\n<\/div>\n<p><a href=\"https:\/\/www.albinfo.ch\/wp-content\/uploads\/2025\/05\/img_0263.jpeg\"><img loading=\"lazy\" decoding=\"async\" class=\"alignnone wp-image-833689\" src=\"https:\/\/www.albinfo.ch\/wp-content\/uploads\/2025\/05\/img_0263.jpeg\" alt=\"\" width=\"500\" height=\"324\" srcset=\"https:\/\/www.albinfo.at\/wp-content\/uploads\/2025\/05\/img_0263.jpeg 739w, https:\/\/www.albinfo.at\/wp-content\/uploads\/2025\/05\/img_0263-300x194.jpeg 300w, https:\/\/www.albinfo.at\/wp-content\/uploads\/2025\/05\/img_0263-540x350.jpeg 540w, https:\/\/www.albinfo.at\/wp-content\/uploads\/2025\/05\/img_0263-87x56.jpeg 87w, https:\/\/www.albinfo.at\/wp-content\/uploads\/2025\/05\/img_0263-587x380.jpeg 587w, https:\/\/www.albinfo.at\/wp-content\/uploads\/2025\/05\/img_0263-154x100.jpeg 154w, https:\/\/www.albinfo.at\/wp-content\/uploads\/2025\/05\/img_0263-265x172.jpeg 265w\" sizes=\"auto, (max-width: 500px) 100vw, 500px\" \/><\/a><\/p>\n","protected":false},"excerpt":{"rendered":"<p>L&#8217;universit\u00e9 Webster classe hautement l&#8217;engagement acad\u00e9mique de Rinesa Qerimi<\/p>\n","protected":false},"author":6,"featured_media":833696,"comment_status":"closed","ping_status":"closed","sticky":false,"template":"","format":"standard","meta":{"footnotes":""},"categories":[23271,24637,1164,1165,3949,18826,23270,24630,1159,1163,1170],"tags":[],"vendi":[],"content_country":[31835,31838,31840],"class_list":["post-833820","post","type-post","status-publish","format-standard","has-post-thumbnail","hentry","category-kosovo","category-nouvelles-fr-4","category-integration-fr","category-femmes","category-kosova-fr","category-lajme-jeta-ne-zvicer-fr","category-at-balkani-fr","category-nouvelles","category-ch-balkans","category-fr-e-diaspora","category-vivre-en-suisse","content_country-austria-fr","content_country-germany-fr","content_country-zvicer-fr"],"acf":[],"_links":{"self":[{"href":"https:\/\/www.albinfo.at\/fr\/wp-json\/wp\/v2\/posts\/833820","targetHints":{"allow":["GET"]}}],"collection":[{"href":"https:\/\/www.albinfo.at\/fr\/wp-json\/wp\/v2\/posts"}],"about":[{"href":"https:\/\/www.albinfo.at\/fr\/wp-json\/wp\/v2\/types\/post"}],"author":[{"embeddable":true,"href":"https:\/\/www.albinfo.at\/fr\/wp-json\/wp\/v2\/users\/6"}],"replies":[{"embeddable":true,"href":"https:\/\/www.albinfo.at\/fr\/wp-json\/wp\/v2\/comments?post=833820"}],"version-history":[{"count":1,"href":"https:\/\/www.albinfo.at\/fr\/wp-json\/wp\/v2\/posts\/833820\/revisions"}],"predecessor-version":[{"id":833822,"href":"https:\/\/www.albinfo.at\/fr\/wp-json\/wp\/v2\/posts\/833820\/revisions\/833822"}],"wp:featuredmedia":[{"embeddable":true,"href":"https:\/\/www.albinfo.at\/fr\/wp-json\/wp\/v2\/media\/833696"}],"wp:attachment":[{"href":"https:\/\/www.albinfo.at\/fr\/wp-json\/wp\/v2\/media?parent=833820"}],"wp:term":[{"taxonomy":"category","embeddable":true,"href":"https:\/\/www.albinfo.at\/fr\/wp-json\/wp\/v2\/categories?post=833820"},{"taxonomy":"post_tag","embeddable":true,"href":"https:\/\/www.albinfo.at\/fr\/wp-json\/wp\/v2\/tags?post=833820"},{"taxonomy":"vendi","embeddable":true,"href":"https:\/\/www.albinfo.at\/fr\/wp-json\/wp\/v2\/vendi?post=833820"},{"taxonomy":"content_country","embeddable":true,"href":"https:\/\/www.albinfo.at\/fr\/wp-json\/wp\/v2\/content_country?post=833820"}],"curies":[{"name":"wp","href":"https:\/\/api.w.org\/{rel}","templated":true}]}}