{"id":832980,"date":"2025-05-24T17:04:59","date_gmt":"2025-05-24T15:04:59","guid":{"rendered":"https:\/\/www.albinfo.ch\/?p=832980"},"modified":"2025-05-24T17:04:59","modified_gmt":"2025-05-24T15:04:59","slug":"rrahmani-champion-ditalie-avec-naples","status":"publish","type":"post","link":"https:\/\/www.albinfo.at\/fr\/rrahmani-champion-ditalie-avec-naples\/","title":{"rendered":"Rrahmani, champion d\u2019Italie avec Naples"},"content":{"rendered":"<p data-start=\"45\" data-end=\"139\">Le capitaine du Kosovo, Amir Rrahmani, a r\u00e9alis\u00e9 un autre succ\u00e8s remarquable dans sa carri\u00e8re.<\/p>\n<p data-start=\"141\" data-end=\"218\">Avec Naples, Rrahmani vient d\u2019\u00eatre sacr\u00e9 champion d\u2019Italie, \u00e9crit albinfo.ch.<\/p>\n<p data-start=\"220\" data-end=\"355\">Naples a battu Cagliari 2 \u00e0 0, et c\u2019est justement Rrahmani qui a offert la passe d\u00e9cisive sur le deuxi\u00e8me but marqu\u00e9 par Romelu Lukaku.<\/p>\n<p data-start=\"357\" data-end=\"448\">Naples a termin\u00e9 la saison avec 82 points, soit un de plus que l\u2019Inter de Kristjan Asllani.<\/p>\n<p data-start=\"450\" data-end=\"561\">Rrahmani a \u00e9t\u00e9 un \u00e9l\u00e9ment cl\u00e9 de la r\u00e9ussite de Naples, jouant comme titulaire dans tous les matchs de Serie A.<\/p>\n<p data-start=\"563\" data-end=\"679\">Il s\u2019agit du deuxi\u00e8me titre en Italie pour Rrahmani avec Naples, et du quatri\u00e8me dans l\u2019histoire du club napolitain.<\/p>\n","protected":false},"excerpt":{"rendered":"<p>Une autre r\u00e9alisation exceptionnelle pour le capitaine du Kosovo.<\/p>\n","protected":false},"author":6,"featured_media":632518,"comment_status":"closed","ping_status":"closed","sticky":false,"template":"","format":"standard","meta":{"footnotes":""},"categories":[24671,1169],"tags":[],"vendi":[],"content_country":[31835,31838,31840],"class_list":["post-832980","post","type-post","status-publish","format-standard","has-post-thumbnail","hentry","category-football","category-sport-fr","content_country-austria-fr","content_country-germany-fr","content_country-zvicer-fr"],"acf":[],"_links":{"self":[{"href":"https:\/\/www.albinfo.at\/fr\/wp-json\/wp\/v2\/posts\/832980","targetHints":{"allow":["GET"]}}],"collection":[{"href":"https:\/\/www.albinfo.at\/fr\/wp-json\/wp\/v2\/posts"}],"about":[{"href":"https:\/\/www.albinfo.at\/fr\/wp-json\/wp\/v2\/types\/post"}],"author":[{"embeddable":true,"href":"https:\/\/www.albinfo.at\/fr\/wp-json\/wp\/v2\/users\/6"}],"replies":[{"embeddable":true,"href":"https:\/\/www.albinfo.at\/fr\/wp-json\/wp\/v2\/comments?post=832980"}],"version-history":[{"count":1,"href":"https:\/\/www.albinfo.at\/fr\/wp-json\/wp\/v2\/posts\/832980\/revisions"}],"predecessor-version":[{"id":832981,"href":"https:\/\/www.albinfo.at\/fr\/wp-json\/wp\/v2\/posts\/832980\/revisions\/832981"}],"wp:featuredmedia":[{"embeddable":true,"href":"https:\/\/www.albinfo.at\/fr\/wp-json\/wp\/v2\/media\/632518"}],"wp:attachment":[{"href":"https:\/\/www.albinfo.at\/fr\/wp-json\/wp\/v2\/media?parent=832980"}],"wp:term":[{"taxonomy":"category","embeddable":true,"href":"https:\/\/www.albinfo.at\/fr\/wp-json\/wp\/v2\/categories?post=832980"},{"taxonomy":"post_tag","embeddable":true,"href":"https:\/\/www.albinfo.at\/fr\/wp-json\/wp\/v2\/tags?post=832980"},{"taxonomy":"vendi","embeddable":true,"href":"https:\/\/www.albinfo.at\/fr\/wp-json\/wp\/v2\/vendi?post=832980"},{"taxonomy":"content_country","embeddable":true,"href":"https:\/\/www.albinfo.at\/fr\/wp-json\/wp\/v2\/content_country?post=832980"}],"curies":[{"name":"wp","href":"https:\/\/api.w.org\/{rel}","templated":true}]}}