{"id":832586,"date":"2025-05-22T22:51:48","date_gmt":"2025-05-22T20:51:48","guid":{"rendered":"https:\/\/www.albinfo.ch\/?p=832586"},"modified":"2025-05-22T22:51:48","modified_gmt":"2025-05-22T20:51:48","slug":"la-presidente-osmani-et-la-presidente-keller-sutter-ont-visite-lusine-stadler","status":"publish","type":"post","link":"https:\/\/www.albinfo.at\/fr\/la-presidente-osmani-et-la-presidente-keller-sutter-ont-visite-lusine-stadler\/","title":{"rendered":"La pr\u00e9sidente Osmani et la pr\u00e9sidente Keller-Sutter ont visit\u00e9 l&#8217;usine Stadler"},"content":{"rendered":"<p class=\"p1\">Aujourd&#8217;hui, Stadler a accueilli \u00e0 Bussnang plusieurs visiteuses de haut rang: la pr\u00e9sidente de la R\u00e9publique du Kosovo, Vjosa Osmani, ainsi que la pr\u00e9sidente de la Conf\u00e9d\u00e9ration suisse, Karin Keller-Sutter, \u00e9crit albinfo.ch.<\/p>\n<p><a href=\"https:\/\/www.albinfo.ch\/wp-content\/uploads\/2025\/05\/img_0200.jpeg\"><img loading=\"lazy\" decoding=\"async\" class=\"alignnone wp-image-832465\" src=\"https:\/\/www.albinfo.ch\/wp-content\/uploads\/2025\/05\/img_0200.jpeg\" alt=\"\" width=\"500\" height=\"334\" srcset=\"https:\/\/www.albinfo.at\/wp-content\/uploads\/2025\/05\/img_0200.jpeg 800w, https:\/\/www.albinfo.at\/wp-content\/uploads\/2025\/05\/img_0200-300x200.jpeg 300w, https:\/\/www.albinfo.at\/wp-content\/uploads\/2025\/05\/img_0200-768x513.jpeg 768w, https:\/\/www.albinfo.at\/wp-content\/uploads\/2025\/05\/img_0200-210x141.jpeg 210w, https:\/\/www.albinfo.at\/wp-content\/uploads\/2025\/05\/img_0200-587x392.jpeg 587w, https:\/\/www.albinfo.at\/wp-content\/uploads\/2025\/05\/img_0200-150x100.jpeg 150w, https:\/\/www.albinfo.at\/wp-content\/uploads\/2025\/05\/img_0200-262x175.jpeg 262w\" sizes=\"auto, (max-width: 500px) 100vw, 500px\" \/><\/a><\/p>\n<p class=\"p1\">Elles ont \u00e9t\u00e9 re\u00e7ues par le pr\u00e9sident du gouvernement cantonal de Thurgovie, Walter Sch\u00f6nholzer, le pr\u00e9sident du conseil d&#8217;administration de Stadler, Peter Spuhler, et le vice-directeur g\u00e9n\u00e9ral du groupe Stadler, Ansgar Brockmeyer.<\/p>\n<p><a href=\"https:\/\/www.albinfo.ch\/wp-content\/uploads\/2025\/05\/img_0201.jpeg\"><img loading=\"lazy\" decoding=\"async\" class=\"alignnone wp-image-832468\" src=\"https:\/\/www.albinfo.ch\/wp-content\/uploads\/2025\/05\/img_0201.jpeg\" alt=\"\" width=\"500\" height=\"375\" srcset=\"https:\/\/www.albinfo.at\/wp-content\/uploads\/2025\/05\/img_0201.jpeg 800w, https:\/\/www.albinfo.at\/wp-content\/uploads\/2025\/05\/img_0201-300x225.jpeg 300w, https:\/\/www.albinfo.at\/wp-content\/uploads\/2025\/05\/img_0201-768x576.jpeg 768w, https:\/\/www.albinfo.at\/wp-content\/uploads\/2025\/05\/img_0201-528x396.jpeg 528w, https:\/\/www.albinfo.at\/wp-content\/uploads\/2025\/05\/img_0201-133x100.jpeg 133w, https:\/\/www.albinfo.at\/wp-content\/uploads\/2025\/05\/img_0201-233x175.jpeg 233w\" sizes=\"auto, (max-width: 500px) 100vw, 500px\" \/><\/a><\/p>\n<p class=\"p1\">La visite s\u2019est concentr\u00e9e sur les solutions innovantes de propulsion. Stadler est un leader mondial dans les technologies de propulsion alternatives. Cinquante pour cent des v\u00e9hicules \u00e0 propulsion alternative en Europe proviennent de Stadler. Les trains \u00e0 hydrog\u00e8ne et \u00e0 batterie remplacent les anciens trains diesel dans de nombreux pays et assurent une mobilit\u00e9 durable sans \u00e9missions de CO2.<\/p>\n<p><a href=\"https:\/\/www.albinfo.ch\/wp-content\/uploads\/2025\/05\/img_0202.jpeg\"><img loading=\"lazy\" decoding=\"async\" class=\"alignnone wp-image-832472\" src=\"https:\/\/www.albinfo.ch\/wp-content\/uploads\/2025\/05\/img_0202.jpeg\" alt=\"\" width=\"500\" height=\"334\" srcset=\"https:\/\/www.albinfo.at\/wp-content\/uploads\/2025\/05\/img_0202.jpeg 800w, https:\/\/www.albinfo.at\/wp-content\/uploads\/2025\/05\/img_0202-300x200.jpeg 300w, https:\/\/www.albinfo.at\/wp-content\/uploads\/2025\/05\/img_0202-768x513.jpeg 768w, https:\/\/www.albinfo.at\/wp-content\/uploads\/2025\/05\/img_0202-210x141.jpeg 210w, https:\/\/www.albinfo.at\/wp-content\/uploads\/2025\/05\/img_0202-587x392.jpeg 587w, https:\/\/www.albinfo.at\/wp-content\/uploads\/2025\/05\/img_0202-150x100.jpeg 150w, https:\/\/www.albinfo.at\/wp-content\/uploads\/2025\/05\/img_0202-262x175.jpeg 262w\" sizes=\"auto, (max-width: 500px) 100vw, 500px\" \/><\/a><\/p>\n<p data-start=\"131\" data-end=\"424\">Un autre moment fort a \u00e9t\u00e9 la visite au s\u00e9minaire des apprentis. Ces derniers ont pu offrir \u00e0 la pr\u00e9sidente de la R\u00e9publique du Kosovo un aper\u00e7u du syst\u00e8me suisse de formation duale. Avec pr\u00e8s de 300 apprentis en Suisse, Stadler investit activement dans les professionnels qualifi\u00e9s de demain.<\/p>\n<p data-start=\"426\" data-end=\"878\">&#8220;Nous souhaitons remercier nos invit\u00e9es pour cet \u00e9change inspirant et leur grand int\u00e9r\u00eat pour les v\u00e9hicules ferroviaires durables de Stadler ainsi que pour la Suisse en tant que site industriel et de production. De telles rencontres d\u00e9montrent \u00e0 quel point l\u2019innovation, la formation et la coop\u00e9ration internationale sont essentielles pour la mobilit\u00e9 de demain &#8220;, a d\u00e9clar\u00e9 Peter Spuhler, pr\u00e9sident du conseil d\u2019administration de Stadler. \/Albinfo.ch<\/p>\n<p><a href=\"https:\/\/www.linkedin.com\/posts\/stadler-rail_stadlerrail-kosovo-innovation-activity-7331281309295595520-u3ZS?utm_source=share&amp;utm_medium=member_desktop&amp;rcm=ACoAABLn7j0BB3xSON4-jfvkZINa9oqDRj86FyY\">FOTO<\/a><\/p>\n<p>&nbsp;<\/p>\n<p>&nbsp;<\/p>\n<p>&nbsp;<\/p>\n<p>&nbsp;<\/p>\n","protected":false},"excerpt":{"rendered":"<p>Vizit\u00eb presidenciale n\u00eb Stadler<\/p>\n","protected":false},"author":6,"featured_media":832476,"comment_status":"closed","ping_status":"closed","sticky":false,"template":"","format":"standard","meta":{"footnotes":""},"categories":[23271,24637,3949,18826,23270,24630,1159,1163,1170],"tags":[],"vendi":[],"content_country":[31835,31838,31840],"class_list":["post-832586","post","type-post","status-publish","format-standard","has-post-thumbnail","hentry","category-kosovo","category-nouvelles-fr-4","category-kosova-fr","category-lajme-jeta-ne-zvicer-fr","category-at-balkani-fr","category-nouvelles","category-ch-balkans","category-fr-e-diaspora","category-vivre-en-suisse","content_country-austria-fr","content_country-germany-fr","content_country-zvicer-fr"],"acf":[],"_links":{"self":[{"href":"https:\/\/www.albinfo.at\/fr\/wp-json\/wp\/v2\/posts\/832586","targetHints":{"allow":["GET"]}}],"collection":[{"href":"https:\/\/www.albinfo.at\/fr\/wp-json\/wp\/v2\/posts"}],"about":[{"href":"https:\/\/www.albinfo.at\/fr\/wp-json\/wp\/v2\/types\/post"}],"author":[{"embeddable":true,"href":"https:\/\/www.albinfo.at\/fr\/wp-json\/wp\/v2\/users\/6"}],"replies":[{"embeddable":true,"href":"https:\/\/www.albinfo.at\/fr\/wp-json\/wp\/v2\/comments?post=832586"}],"version-history":[{"count":1,"href":"https:\/\/www.albinfo.at\/fr\/wp-json\/wp\/v2\/posts\/832586\/revisions"}],"predecessor-version":[{"id":832587,"href":"https:\/\/www.albinfo.at\/fr\/wp-json\/wp\/v2\/posts\/832586\/revisions\/832587"}],"wp:featuredmedia":[{"embeddable":true,"href":"https:\/\/www.albinfo.at\/fr\/wp-json\/wp\/v2\/media\/832476"}],"wp:attachment":[{"href":"https:\/\/www.albinfo.at\/fr\/wp-json\/wp\/v2\/media?parent=832586"}],"wp:term":[{"taxonomy":"category","embeddable":true,"href":"https:\/\/www.albinfo.at\/fr\/wp-json\/wp\/v2\/categories?post=832586"},{"taxonomy":"post_tag","embeddable":true,"href":"https:\/\/www.albinfo.at\/fr\/wp-json\/wp\/v2\/tags?post=832586"},{"taxonomy":"vendi","embeddable":true,"href":"https:\/\/www.albinfo.at\/fr\/wp-json\/wp\/v2\/vendi?post=832586"},{"taxonomy":"content_country","embeddable":true,"href":"https:\/\/www.albinfo.at\/fr\/wp-json\/wp\/v2\/content_country?post=832586"}],"curies":[{"name":"wp","href":"https:\/\/api.w.org\/{rel}","templated":true}]}}