{"id":832532,"date":"2025-05-22T16:58:46","date_gmt":"2025-05-22T14:58:46","guid":{"rendered":"https:\/\/www.albinfo.ch\/?p=832532"},"modified":"2025-05-22T16:58:46","modified_gmt":"2025-05-22T14:58:46","slug":"xhaka-et-jashari-appeles-pour-la-tournee-en-amerique-du-nord","status":"publish","type":"post","link":"https:\/\/www.albinfo.at\/fr\/xhaka-et-jashari-appeles-pour-la-tournee-en-amerique-du-nord\/","title":{"rendered":"Xhaka et Jashari appel\u00e9s pour la tourn\u00e9e en Am\u00e9rique du Nord"},"content":{"rendered":"<p data-start=\"184\" data-end=\"261\">Au mois de juin, la Suisse disputera deux matchs amicaux en Am\u00e9rique du Nord.<\/p>\n<p data-start=\"263\" data-end=\"352\">Le 7 juin, elle affrontera le Mexique, puis le 11 juin, les \u00c9tats-Unis, \u00e9crit albinfo.ch.<\/p>\n<p data-start=\"354\" data-end=\"478\">Le s\u00e9lectionneur suisse Murat Yakin a fait confiance \u00e0 des joueurs exp\u00e9riment\u00e9s et les a convoqu\u00e9s pour ces deux rencontres.<\/p>\n<p data-start=\"480\" data-end=\"561\">Parmi les 26 joueurs appel\u00e9s figurent le capitaine Granit Xhaka et Ardon Jashari.<\/p>\n<p data-start=\"563\" data-end=\"620\">Malgr\u00e9 les rumeurs, Xherdan Shaqiri n\u2019a pas \u00e9t\u00e9 convoqu\u00e9.<\/p>\n<p><a href=\"https:\/\/www.albinfo.ch\/wp-content\/uploads\/2025\/05\/500513148_18459442261078731_1660758007149469009_n.jpg\"><img loading=\"lazy\" decoding=\"async\" class=\"alignnone wp-image-832422\" src=\"https:\/\/www.albinfo.ch\/wp-content\/uploads\/2025\/05\/500513148_18459442261078731_1660758007149469009_n.jpg\" alt=\"\" width=\"500\" height=\"625\" srcset=\"https:\/\/www.albinfo.at\/wp-content\/uploads\/2025\/05\/500513148_18459442261078731_1660758007149469009_n.jpg 1350w, https:\/\/www.albinfo.at\/wp-content\/uploads\/2025\/05\/500513148_18459442261078731_1660758007149469009_n-240x300.jpg 240w, https:\/\/www.albinfo.at\/wp-content\/uploads\/2025\/05\/500513148_18459442261078731_1660758007149469009_n-819x1024.jpg 819w, https:\/\/www.albinfo.at\/wp-content\/uploads\/2025\/05\/500513148_18459442261078731_1660758007149469009_n-768x960.jpg 768w, https:\/\/www.albinfo.at\/wp-content\/uploads\/2025\/05\/500513148_18459442261078731_1660758007149469009_n-1228x1536.jpg 1228w, https:\/\/www.albinfo.at\/wp-content\/uploads\/2025\/05\/500513148_18459442261078731_1660758007149469009_n-317x396.jpg 317w, https:\/\/www.albinfo.at\/wp-content\/uploads\/2025\/05\/500513148_18459442261078731_1660758007149469009_n-80x100.jpg 80w, https:\/\/www.albinfo.at\/wp-content\/uploads\/2025\/05\/500513148_18459442261078731_1660758007149469009_n-140x175.jpg 140w\" sizes=\"auto, (max-width: 500px) 100vw, 500px\" \/><\/a><\/p>\n","protected":false},"excerpt":{"rendered":"<p>Zvicra do t\u00eb luaj\u00eb miq\u00ebsore me Meksik\u00ebn dhe Shtetet e Bashkuara t\u00eb Amerik\u00ebs<\/p>\n","protected":false},"author":6,"featured_media":608372,"comment_status":"closed","ping_status":"closed","sticky":false,"template":"","format":"standard","meta":{"footnotes":""},"categories":[24671,1169],"tags":[],"vendi":[],"content_country":[31835,31838,31840],"class_list":["post-832532","post","type-post","status-publish","format-standard","has-post-thumbnail","hentry","category-football","category-sport-fr","content_country-austria-fr","content_country-germany-fr","content_country-zvicer-fr"],"acf":[],"_links":{"self":[{"href":"https:\/\/www.albinfo.at\/fr\/wp-json\/wp\/v2\/posts\/832532","targetHints":{"allow":["GET"]}}],"collection":[{"href":"https:\/\/www.albinfo.at\/fr\/wp-json\/wp\/v2\/posts"}],"about":[{"href":"https:\/\/www.albinfo.at\/fr\/wp-json\/wp\/v2\/types\/post"}],"author":[{"embeddable":true,"href":"https:\/\/www.albinfo.at\/fr\/wp-json\/wp\/v2\/users\/6"}],"replies":[{"embeddable":true,"href":"https:\/\/www.albinfo.at\/fr\/wp-json\/wp\/v2\/comments?post=832532"}],"version-history":[{"count":1,"href":"https:\/\/www.albinfo.at\/fr\/wp-json\/wp\/v2\/posts\/832532\/revisions"}],"predecessor-version":[{"id":832533,"href":"https:\/\/www.albinfo.at\/fr\/wp-json\/wp\/v2\/posts\/832532\/revisions\/832533"}],"wp:featuredmedia":[{"embeddable":true,"href":"https:\/\/www.albinfo.at\/fr\/wp-json\/wp\/v2\/media\/608372"}],"wp:attachment":[{"href":"https:\/\/www.albinfo.at\/fr\/wp-json\/wp\/v2\/media?parent=832532"}],"wp:term":[{"taxonomy":"category","embeddable":true,"href":"https:\/\/www.albinfo.at\/fr\/wp-json\/wp\/v2\/categories?post=832532"},{"taxonomy":"post_tag","embeddable":true,"href":"https:\/\/www.albinfo.at\/fr\/wp-json\/wp\/v2\/tags?post=832532"},{"taxonomy":"vendi","embeddable":true,"href":"https:\/\/www.albinfo.at\/fr\/wp-json\/wp\/v2\/vendi?post=832532"},{"taxonomy":"content_country","embeddable":true,"href":"https:\/\/www.albinfo.at\/fr\/wp-json\/wp\/v2\/content_country?post=832532"}],"curies":[{"name":"wp","href":"https:\/\/api.w.org\/{rel}","templated":true}]}}