{"id":832495,"date":"2025-05-22T15:21:24","date_gmt":"2025-05-22T13:21:24","guid":{"rendered":"https:\/\/www.albinfo.ch\/?p=832495"},"modified":"2025-05-22T15:21:24","modified_gmt":"2025-05-22T13:21:24","slug":"xherdan-shaqiri-a-rejoint-la-presidente-osmani-lors-du-diner-detat-en-suisse","status":"publish","type":"post","link":"https:\/\/www.albinfo.at\/fr\/xherdan-shaqiri-a-rejoint-la-presidente-osmani-lors-du-diner-detat-en-suisse\/","title":{"rendered":"Xherdan Shaqiri a rejoint la pr\u00e9sidente Osmani lors du d\u00eener d&#8217;\u00c9tat en Suisse"},"content":{"rendered":"<p data-start=\"83\" data-end=\"223\">Le footballeur Xherdan Shaqiri s\u2019est joint hier soir \u00e0 la pr\u00e9sidente Vjosa Osmani lors du d\u00eener d\u2019\u00c9tat organis\u00e9 en Suisse, \u00e9crit albinfo.ch.<\/p>\n<p data-start=\"225\" data-end=\"374\">Il a particip\u00e9 au d\u00eener officiel offert par la pr\u00e9sidente de la Conf\u00e9d\u00e9ration suisse, Karin Keller-Sutter, \u00e0 l\u2019occasion de la visite de Vjosa Osmani.<\/p>\n<p data-start=\"376\" data-end=\"467\">Sa rencontre avec la pr\u00e9sidente de la R\u00e9publique du Kosovo a \u00e9t\u00e9 un moment fort en \u00e9motion.<\/p>\n<p data-start=\"469\" data-end=\"592\" data-is-last-node=\"\" data-is-only-node=\"\">Osmani effectue une visite officielle en Suisse, o\u00f9 elle a \u00e9t\u00e9 accueillie avec les plus grands honneurs d\u2019\u00c9tat. \/Albinfo.ch<\/p>\n","protected":false},"excerpt":{"rendered":"<p>Futbollisti shqiptar, Xherdan Shaqiri ishte pjes\u00ebmarr\u00ebs n\u00eb Dark\u00ebn Shtet\u00ebrore t\u00eb organizuar nga presidentja e Zvicr\u00ebs, Karin Keller-Sutter, me rastin e vizit\u00ebs s\u00eb Vjosa Osmanit <\/p>\n","protected":false},"author":6,"featured_media":832254,"comment_status":"closed","ping_status":"closed","sticky":false,"template":"","format":"standard","meta":{"footnotes":""},"categories":[23271,24637,3949,18826,23270,24630,1159,1163,1170],"tags":[],"vendi":[],"content_country":[31835,31838,31840],"class_list":["post-832495","post","type-post","status-publish","format-standard","has-post-thumbnail","hentry","category-kosovo","category-nouvelles-fr-4","category-kosova-fr","category-lajme-jeta-ne-zvicer-fr","category-at-balkani-fr","category-nouvelles","category-ch-balkans","category-fr-e-diaspora","category-vivre-en-suisse","content_country-austria-fr","content_country-germany-fr","content_country-zvicer-fr"],"acf":[],"_links":{"self":[{"href":"https:\/\/www.albinfo.at\/fr\/wp-json\/wp\/v2\/posts\/832495","targetHints":{"allow":["GET"]}}],"collection":[{"href":"https:\/\/www.albinfo.at\/fr\/wp-json\/wp\/v2\/posts"}],"about":[{"href":"https:\/\/www.albinfo.at\/fr\/wp-json\/wp\/v2\/types\/post"}],"author":[{"embeddable":true,"href":"https:\/\/www.albinfo.at\/fr\/wp-json\/wp\/v2\/users\/6"}],"replies":[{"embeddable":true,"href":"https:\/\/www.albinfo.at\/fr\/wp-json\/wp\/v2\/comments?post=832495"}],"version-history":[{"count":1,"href":"https:\/\/www.albinfo.at\/fr\/wp-json\/wp\/v2\/posts\/832495\/revisions"}],"predecessor-version":[{"id":832496,"href":"https:\/\/www.albinfo.at\/fr\/wp-json\/wp\/v2\/posts\/832495\/revisions\/832496"}],"wp:featuredmedia":[{"embeddable":true,"href":"https:\/\/www.albinfo.at\/fr\/wp-json\/wp\/v2\/media\/832254"}],"wp:attachment":[{"href":"https:\/\/www.albinfo.at\/fr\/wp-json\/wp\/v2\/media?parent=832495"}],"wp:term":[{"taxonomy":"category","embeddable":true,"href":"https:\/\/www.albinfo.at\/fr\/wp-json\/wp\/v2\/categories?post=832495"},{"taxonomy":"post_tag","embeddable":true,"href":"https:\/\/www.albinfo.at\/fr\/wp-json\/wp\/v2\/tags?post=832495"},{"taxonomy":"vendi","embeddable":true,"href":"https:\/\/www.albinfo.at\/fr\/wp-json\/wp\/v2\/vendi?post=832495"},{"taxonomy":"content_country","embeddable":true,"href":"https:\/\/www.albinfo.at\/fr\/wp-json\/wp\/v2\/content_country?post=832495"}],"curies":[{"name":"wp","href":"https:\/\/api.w.org\/{rel}","templated":true}]}}