{"id":832485,"date":"2025-05-22T15:11:03","date_gmt":"2025-05-22T13:11:03","guid":{"rendered":"https:\/\/www.albinfo.ch\/?p=832485"},"modified":"2025-05-23T09:56:53","modified_gmt":"2025-05-23T07:56:53","slug":"osmani-poursuit-sa-deuxieme-journee-de-visite-officielle-en-suisse","status":"publish","type":"post","link":"https:\/\/www.albinfo.at\/fr\/osmani-poursuit-sa-deuxieme-journee-de-visite-officielle-en-suisse\/","title":{"rendered":"Osmani poursuit sa deuxi\u00e8me journ\u00e9e de visite officielle en Suisse"},"content":{"rendered":"<p data-start=\"72\" data-end=\"277\">La Pr\u00e9sidente du Kosovo, Vjosa Osmani, poursuit aujourd\u2019hui sa visite officielle en Suisse, dans le cadre d\u2019un programme de deux jours \u00e0 l\u2019invitation de la pr\u00e9sidente Karin Keller-Sutter, \u00e9crit albinfo.ch.<\/p>\n<p data-start=\"279\" data-end=\"413\">Apr\u00e8s une premi\u00e8re journ\u00e9e charg\u00e9e de rencontres et d\u2019\u00e9v\u00e9nements officiels, la pr\u00e9sidente Osmani est pr\u00eate \u00e0 poursuivre son programme.<\/p>\n<p data-start=\"415\" data-end=\"682\">Dans le cadre de sa visite, la pr\u00e9sidente Osmani, accompagn\u00e9e de la pr\u00e9sidente Keller-Sutter, se rendra dans une entreprise de production situ\u00e9e dans l\u2019est de la Suisse, ainsi qu\u2019au centre d\u2019innovation SQUARE de l\u2019Universit\u00e9 de Saint-Gall, \u00e9crit albinfo.ch.<\/p>\n<p data-start=\"684\" data-end=\"793\" data-is-last-node=\"\" data-is-only-node=\"\">Par ailleurs, \u00e0 Gen\u00e8ve, Osmani rencontrera la diaspora albanaise vivant et travaillant en Suisse. \/Albinfo.ch<\/p>\n","protected":false},"excerpt":{"rendered":"<p>La Pr\u00e9sidente du Kosovo, Vjosa Osmani, poursuivra ce jeudi, au deuxi\u00e8me jour de sa visite en Suisse, ses engagements avec plusieurs rencontres et participera \u00e0 diverses activit\u00e9s.<\/p>\n","protected":false},"author":6,"featured_media":832249,"comment_status":"closed","ping_status":"closed","sticky":false,"template":"","format":"standard","meta":{"footnotes":""},"categories":[23271,24637,3949,18826,23270,24630,1159,1163,1170],"tags":[],"vendi":[],"content_country":[31835,31838,31840],"class_list":["post-832485","post","type-post","status-publish","format-standard","has-post-thumbnail","hentry","category-kosovo","category-nouvelles-fr-4","category-kosova-fr","category-lajme-jeta-ne-zvicer-fr","category-at-balkani-fr","category-nouvelles","category-ch-balkans","category-fr-e-diaspora","category-vivre-en-suisse","content_country-austria-fr","content_country-germany-fr","content_country-zvicer-fr"],"acf":[],"_links":{"self":[{"href":"https:\/\/www.albinfo.at\/fr\/wp-json\/wp\/v2\/posts\/832485","targetHints":{"allow":["GET"]}}],"collection":[{"href":"https:\/\/www.albinfo.at\/fr\/wp-json\/wp\/v2\/posts"}],"about":[{"href":"https:\/\/www.albinfo.at\/fr\/wp-json\/wp\/v2\/types\/post"}],"author":[{"embeddable":true,"href":"https:\/\/www.albinfo.at\/fr\/wp-json\/wp\/v2\/users\/6"}],"replies":[{"embeddable":true,"href":"https:\/\/www.albinfo.at\/fr\/wp-json\/wp\/v2\/comments?post=832485"}],"version-history":[{"count":3,"href":"https:\/\/www.albinfo.at\/fr\/wp-json\/wp\/v2\/posts\/832485\/revisions"}],"predecessor-version":[{"id":832655,"href":"https:\/\/www.albinfo.at\/fr\/wp-json\/wp\/v2\/posts\/832485\/revisions\/832655"}],"wp:featuredmedia":[{"embeddable":true,"href":"https:\/\/www.albinfo.at\/fr\/wp-json\/wp\/v2\/media\/832249"}],"wp:attachment":[{"href":"https:\/\/www.albinfo.at\/fr\/wp-json\/wp\/v2\/media?parent=832485"}],"wp:term":[{"taxonomy":"category","embeddable":true,"href":"https:\/\/www.albinfo.at\/fr\/wp-json\/wp\/v2\/categories?post=832485"},{"taxonomy":"post_tag","embeddable":true,"href":"https:\/\/www.albinfo.at\/fr\/wp-json\/wp\/v2\/tags?post=832485"},{"taxonomy":"vendi","embeddable":true,"href":"https:\/\/www.albinfo.at\/fr\/wp-json\/wp\/v2\/vendi?post=832485"},{"taxonomy":"content_country","embeddable":true,"href":"https:\/\/www.albinfo.at\/fr\/wp-json\/wp\/v2\/content_country?post=832485"}],"curies":[{"name":"wp","href":"https:\/\/api.w.org\/{rel}","templated":true}]}}