{"id":832021,"date":"2025-05-21T13:47:13","date_gmt":"2025-05-21T11:47:13","guid":{"rendered":"https:\/\/www.albinfo.ch\/?p=832021"},"modified":"2025-05-21T13:47:13","modified_gmt":"2025-05-21T11:47:13","slug":"kololli-joueur-de-la-semaine-en-suisse","status":"publish","type":"post","link":"https:\/\/www.albinfo.at\/fr\/kololli-joueur-de-la-semaine-en-suisse\/","title":{"rendered":"Kololli, joueur de la semaine en Suisse"},"content":{"rendered":"<p data-start=\"45\" data-end=\"180\">Le footballeur kosovar Benjamin Kololli a \u00e9t\u00e9 d\u00e9sign\u00e9 meilleur joueur de la 37e journ\u00e9e de la Super League suisse, rapporte albinfo.ch.<\/p>\n<p data-start=\"182\" data-end=\"305\">C\u2019est la premi\u00e8re fois cette saison que Kololli re\u00e7oit cette distinction, selon le site officiel de la Super League suisse.<\/p>\n<p data-start=\"307\" data-end=\"434\">Kololli s\u2019est illustr\u00e9 samedi lors de la victoire 2-1 du FC Sion contre Grasshopper, en inscrivant les deux buts de son \u00e9quipe.<\/p>\n<p data-start=\"436\" data-end=\"547\">\u00c2g\u00e9 de 33 ans, Kololli a marqu\u00e9 dix buts et d\u00e9livr\u00e9 quatre passes d\u00e9cisives en 22 matchs disput\u00e9s cette saison.<\/p>\n<p data-start=\"549\" data-end=\"687\" data-is-last-node=\"\" data-is-only-node=\"\">Il est actuellement l\u2019un des joueurs les plus en forme du FC Sion. Il a rejoint le club lors du mercato hivernal en provenance du FC B\u00e2le.<\/p>\n<p><a href=\"https:\/\/www.albinfo.ch\/wp-content\/uploads\/2025\/05\/499169420_1103632495144320_8940269518831385429_n.jpg\"><img loading=\"lazy\" decoding=\"async\" class=\"alignnone wp-image-831943\" src=\"https:\/\/www.albinfo.ch\/wp-content\/uploads\/2025\/05\/499169420_1103632495144320_8940269518831385429_n.jpg\" alt=\"\" width=\"500\" height=\"625\" srcset=\"https:\/\/www.albinfo.at\/wp-content\/uploads\/2025\/05\/499169420_1103632495144320_8940269518831385429_n.jpg 1080w, https:\/\/www.albinfo.at\/wp-content\/uploads\/2025\/05\/499169420_1103632495144320_8940269518831385429_n-240x300.jpg 240w, https:\/\/www.albinfo.at\/wp-content\/uploads\/2025\/05\/499169420_1103632495144320_8940269518831385429_n-819x1024.jpg 819w, https:\/\/www.albinfo.at\/wp-content\/uploads\/2025\/05\/499169420_1103632495144320_8940269518831385429_n-768x960.jpg 768w, https:\/\/www.albinfo.at\/wp-content\/uploads\/2025\/05\/499169420_1103632495144320_8940269518831385429_n-317x396.jpg 317w, https:\/\/www.albinfo.at\/wp-content\/uploads\/2025\/05\/499169420_1103632495144320_8940269518831385429_n-80x100.jpg 80w, https:\/\/www.albinfo.at\/wp-content\/uploads\/2025\/05\/499169420_1103632495144320_8940269518831385429_n-140x175.jpg 140w\" sizes=\"auto, (max-width: 500px) 100vw, 500px\" \/><\/a><\/p>\n<p>&nbsp;<\/p>\n","protected":false},"excerpt":{"rendered":"<p>P\u00ebr Benjamin Kolollin \u00ebsht\u00eb hera e par\u00eb k\u00ebt\u00eb edicion q\u00eb shpallet m\u00eb i miri i jav\u00ebs<\/p>\n","protected":false},"author":6,"featured_media":831948,"comment_status":"closed","ping_status":"closed","sticky":false,"template":"","format":"standard","meta":{"footnotes":""},"categories":[24671,1169],"tags":[],"vendi":[],"content_country":[31835,31838,31840],"class_list":["post-832021","post","type-post","status-publish","format-standard","has-post-thumbnail","hentry","category-football","category-sport-fr","content_country-austria-fr","content_country-germany-fr","content_country-zvicer-fr"],"acf":[],"_links":{"self":[{"href":"https:\/\/www.albinfo.at\/fr\/wp-json\/wp\/v2\/posts\/832021","targetHints":{"allow":["GET"]}}],"collection":[{"href":"https:\/\/www.albinfo.at\/fr\/wp-json\/wp\/v2\/posts"}],"about":[{"href":"https:\/\/www.albinfo.at\/fr\/wp-json\/wp\/v2\/types\/post"}],"author":[{"embeddable":true,"href":"https:\/\/www.albinfo.at\/fr\/wp-json\/wp\/v2\/users\/6"}],"replies":[{"embeddable":true,"href":"https:\/\/www.albinfo.at\/fr\/wp-json\/wp\/v2\/comments?post=832021"}],"version-history":[{"count":1,"href":"https:\/\/www.albinfo.at\/fr\/wp-json\/wp\/v2\/posts\/832021\/revisions"}],"predecessor-version":[{"id":832022,"href":"https:\/\/www.albinfo.at\/fr\/wp-json\/wp\/v2\/posts\/832021\/revisions\/832022"}],"wp:featuredmedia":[{"embeddable":true,"href":"https:\/\/www.albinfo.at\/fr\/wp-json\/wp\/v2\/media\/831948"}],"wp:attachment":[{"href":"https:\/\/www.albinfo.at\/fr\/wp-json\/wp\/v2\/media?parent=832021"}],"wp:term":[{"taxonomy":"category","embeddable":true,"href":"https:\/\/www.albinfo.at\/fr\/wp-json\/wp\/v2\/categories?post=832021"},{"taxonomy":"post_tag","embeddable":true,"href":"https:\/\/www.albinfo.at\/fr\/wp-json\/wp\/v2\/tags?post=832021"},{"taxonomy":"vendi","embeddable":true,"href":"https:\/\/www.albinfo.at\/fr\/wp-json\/wp\/v2\/vendi?post=832021"},{"taxonomy":"content_country","embeddable":true,"href":"https:\/\/www.albinfo.at\/fr\/wp-json\/wp\/v2\/content_country?post=832021"}],"curies":[{"name":"wp","href":"https:\/\/api.w.org\/{rel}","templated":true}]}}