{"id":831223,"date":"2025-05-19T21:19:49","date_gmt":"2025-05-19T19:19:49","guid":{"rendered":"https:\/\/www.albinfo.ch\/?p=831223"},"modified":"2025-05-19T23:40:33","modified_gmt":"2025-05-19T21:40:33","slug":"des-buts-signes-ramadani-daku-muci-tandis-que-mitaj-est-sacre-champion-en-arabie-saouditela-forme-des-joueurs-albanais-est-tres-positive-hier-soir-ylber-ramadani-a-ete-le-heros-de-lecce-le-milie","status":"publish","type":"post","link":"https:\/\/www.albinfo.at\/fr\/des-buts-signes-ramadani-daku-muci-tandis-que-mitaj-est-sacre-champion-en-arabie-saouditela-forme-des-joueurs-albanais-est-tres-positive-hier-soir-ylber-ramadani-a-ete-le-heros-de-lecce-le-milie\/","title":{"rendered":"Des buts sign\u00e9s Ramadani, Daku, Mu\u00e7i, tandis que Mitaj est sacr\u00e9 champion en Arabie saoudite"},"content":{"rendered":"<p data-start=\"98\" data-end=\"592\">La forme des joueurs albanais est tr\u00e8s positive. Hier soir, Ylber Ramadani a \u00e9t\u00e9 le h\u00e9ros de Lecce. Le milieu de terrain de l\u2019\u00e9quipe nationale, bien qu\u2019entr\u00e9 en jeu en seconde p\u00e9riode, a inscrit un superbe but contre le Torino et offert la victoire 1-0 \u00e0 son \u00e9quipe. Il a \u00e9t\u00e9 \u00e9lu homme du match \u00e0 la fin de la rencontre. Ce r\u00e9sultat maintient en vie les espoirs de Lecce de se maintenir en Serie A, alors qu\u2019il ne reste qu\u2019un match avant la fin de la saison, \u00e8crit\u00a0 FSHF, rapporte albinfo.ch.<\/p>\n<p data-start=\"594\" data-end=\"934\">En Russie, Mirlind Daku a \u00e9t\u00e9 l\u2019homme du match pour le Rubin Kazan. L\u2019attaquant a marqu\u00e9 deux buts dans la d\u00e9faite 3-2 contre Khimki, a rat\u00e9 un penalty et s\u2019est vu refuser un autre but pour hors-jeu apr\u00e8s intervention du VAR. Avec ces r\u00e9alisations, il atteint la barre des 14 buts et se classe deuxi\u00e8me meilleur buteur du championnat russe.<\/p>\n<p data-start=\"936\" data-end=\"1174\">Ernest Mu\u00e7i, de retour de blessure, a \u00e9t\u00e9 imm\u00e9diatement d\u00e9cisif pour Besiktas. Entr\u00e9 en seconde mi-temps, il a offert une passe d\u00e9cisive sur le but de l\u2019\u00e9galisation (1-1) contre Alanyaspor, servant parfaitement Rafa Silva \u00e0 la 71e minute.<\/p>\n<p data-start=\"1176\" data-end=\"1397\">Mario Mitaj a couronn\u00e9 une saison remarquable en remportant le championnat d\u2019Arabie saoudite avec Al Ittihad. Le d\u00e9fenseur \u00e9tait titulaire lors de la victoire 3-1 \u00e0 l\u2019ext\u00e9rieur contre Al Raed, lors de la derni\u00e8re journ\u00e9e.<\/p>\n<p data-start=\"1399\" data-end=\"1576\" data-is-last-node=\"\" data-is-only-node=\"\">Ce weekend, d\u2019autres internationaux albanais ont \u00e9galement \u00e9t\u00e9 titulaires : Ivan Balliu, Marash Kumbulla, Ardian Ismajli, Arlind Ajeti, Qazim La\u00e7i, Juljan Shehu et Myrto Uzuni.<\/p>\n<hr data-start=\"1596\" data-end=\"1599\" \/>\n","protected":false},"excerpt":{"rendered":"<p>Kampionatet evropiane t\u00eb futbollit jan\u00eb n\u00eb faz\u00ebn p\u00ebrfundimtare dhe grumbullimi i Komb\u00ebtares shqiptare po afrohet. Kuqezinjt\u00eb kan\u00eb n\u00eb kalendar dy sfidat e radh\u00ebs kualifikuese p\u00ebr Kup\u00ebn e Bot\u00ebs 2026 kund\u00ebr Serbis\u00eb dhe Letonis\u00eb<\/p>\n","protected":false},"author":6,"featured_media":831056,"comment_status":"closed","ping_status":"closed","sticky":false,"template":"","format":"standard","meta":{"footnotes":""},"categories":[24671,1169],"tags":[],"vendi":[],"content_country":[31835,31838,31840],"class_list":["post-831223","post","type-post","status-publish","format-standard","has-post-thumbnail","hentry","category-football","category-sport-fr","content_country-austria-fr","content_country-germany-fr","content_country-zvicer-fr"],"acf":[],"_links":{"self":[{"href":"https:\/\/www.albinfo.at\/fr\/wp-json\/wp\/v2\/posts\/831223","targetHints":{"allow":["GET"]}}],"collection":[{"href":"https:\/\/www.albinfo.at\/fr\/wp-json\/wp\/v2\/posts"}],"about":[{"href":"https:\/\/www.albinfo.at\/fr\/wp-json\/wp\/v2\/types\/post"}],"author":[{"embeddable":true,"href":"https:\/\/www.albinfo.at\/fr\/wp-json\/wp\/v2\/users\/6"}],"replies":[{"embeddable":true,"href":"https:\/\/www.albinfo.at\/fr\/wp-json\/wp\/v2\/comments?post=831223"}],"version-history":[{"count":4,"href":"https:\/\/www.albinfo.at\/fr\/wp-json\/wp\/v2\/posts\/831223\/revisions"}],"predecessor-version":[{"id":831280,"href":"https:\/\/www.albinfo.at\/fr\/wp-json\/wp\/v2\/posts\/831223\/revisions\/831280"}],"wp:featuredmedia":[{"embeddable":true,"href":"https:\/\/www.albinfo.at\/fr\/wp-json\/wp\/v2\/media\/831056"}],"wp:attachment":[{"href":"https:\/\/www.albinfo.at\/fr\/wp-json\/wp\/v2\/media?parent=831223"}],"wp:term":[{"taxonomy":"category","embeddable":true,"href":"https:\/\/www.albinfo.at\/fr\/wp-json\/wp\/v2\/categories?post=831223"},{"taxonomy":"post_tag","embeddable":true,"href":"https:\/\/www.albinfo.at\/fr\/wp-json\/wp\/v2\/tags?post=831223"},{"taxonomy":"vendi","embeddable":true,"href":"https:\/\/www.albinfo.at\/fr\/wp-json\/wp\/v2\/vendi?post=831223"},{"taxonomy":"content_country","embeddable":true,"href":"https:\/\/www.albinfo.at\/fr\/wp-json\/wp\/v2\/content_country?post=831223"}],"curies":[{"name":"wp","href":"https:\/\/api.w.org\/{rel}","templated":true}]}}