{"id":829373,"date":"2025-05-12T18:20:28","date_gmt":"2025-05-12T16:20:28","guid":{"rendered":"https:\/\/www.albinfo.ch\/e-konfirmuar-dua-lipa-rikthehet-ne-sunny-hill-festival-2025\/"},"modified":"2025-05-12T23:22:41","modified_gmt":"2025-05-12T21:22:41","slug":"e-konfirmuar-dua-lipa-rikthehet-ne-sunny-hill-festival-2025","status":"publish","type":"post","link":"https:\/\/www.albinfo.at\/fr\/e-konfirmuar-dua-lipa-rikthehet-ne-sunny-hill-festival-2025\/","title":{"rendered":"Confirm\u00e9 : Dua Lipa de retour au Sunny Hill Festival 2025"},"content":{"rendered":"<p>La chanteuse de renomm\u00e9e mondiale Dua Lipa reviendra cet \u00e9t\u00e9 \u00e0 Pristina, dans le cadre de la programmation du Sunny Hill Festival 2025. L\u2019annonce a \u00e9t\u00e9 officiellement confirm\u00e9e par les organisateurs du festival, qui ont d\u00e9clar\u00e9 que l\u2019artiste se produira lors de l\u2019\u00e9dition qui se tiendra du 1er au 3 ao\u00fbt.<\/p>\n<p>Cette prestation s\u2019inscrit dans sa tourn\u00e9e internationale &#8220;\u202fRadical Optimism\u202f&#8221;, et Pristina sera sa seule \u00e9tape en Europe du Sud-Est. \u00c0 cette occasion, la capitale du Kosovo devrait devenir un point central de la sc\u00e8ne musicale internationale durant l\u2019\u00e9t\u00e9.<\/p>\n<p>Apr\u00e8s une s\u00e9rie de succ\u00e8s sur les plus grandes sc\u00e8nes du monde, notamment \u00e0 Glastonbury et au Royal Albert Hall, ainsi que des apparitions r\u00e9centes \u00e0 Melbourne et Madrid, Dua Lipa promet une soir\u00e9e inoubliable aux amateurs de musique, rapporte albinfo.ch.<\/p>\n<p>En plus de Dua Lipa, le festival a \u00e9galement confirm\u00e9 la participation de la DJ internationale Peggy Gou, class\u00e9e num\u00e9ro 1 mondiale par DJ Mag en 2023. Elle enflammera la sc\u00e8ne C4 avec son tube\u202f&#8221;(It Goes Like) Nanana\u202f&#8221;.<\/p>\n<p>La vente des billets &#8220;\u202fEarly Bird\u202f&#8221; a d\u00e9j\u00e0 commenc\u00e9, et l\u2019int\u00e9r\u00eat grandissant devrait d\u00e9passer les capacit\u00e9s des \u00e9ditions pr\u00e9c\u00e9dentes. Les organisateurs annoncent une \u00e9dition spectaculaire, avec d&#8217;autres grands noms qui seront r\u00e9v\u00e9l\u00e9s dans les jours \u00e0 venir.<\/p>\n","protected":false},"excerpt":{"rendered":"<p>La chanteuse de renomm\u00e9e mondiale Dua Lipa reviendra cet \u00e9t\u00e9 \u00e0 Pristina, dans le cadre de la programmation du Sunny Hill Festival 2025. L\u2019annonce a \u00e9t\u00e9 officiellement confirm\u00e9e par les organisateurs du festival, qui ont d\u00e9clar\u00e9 que l\u2019artiste se produira lors de l\u2019\u00e9dition qui se tiendra du 1er au 3 ao\u00fbt. Cette prestation s\u2019inscrit dans [&hellip;]<\/p>\n","protected":false},"author":40,"featured_media":723841,"comment_status":"closed","ping_status":"closed","sticky":false,"template":"","format":"standard","meta":{"footnotes":""},"categories":[33083,23271,1160,3949,23277,23270,24620,24630,24634,1159],"tags":[],"vendi":[],"content_country":[31835,31838,31840],"class_list":["post-829373","post","type-post","status-publish","format-standard","has-post-thumbnail","hentry","category-de-balkani-fr","category-kosovo","category-actuel","category-kosova-fr","category-news-fr","category-at-balkani-fr","category-kosova-fr-2","category-nouvelles","category-nouvelles-fr-3","category-ch-balkans","content_country-austria-fr","content_country-germany-fr","content_country-zvicer-fr"],"acf":[],"_links":{"self":[{"href":"https:\/\/www.albinfo.at\/fr\/wp-json\/wp\/v2\/posts\/829373","targetHints":{"allow":["GET"]}}],"collection":[{"href":"https:\/\/www.albinfo.at\/fr\/wp-json\/wp\/v2\/posts"}],"about":[{"href":"https:\/\/www.albinfo.at\/fr\/wp-json\/wp\/v2\/types\/post"}],"author":[{"embeddable":true,"href":"https:\/\/www.albinfo.at\/fr\/wp-json\/wp\/v2\/users\/40"}],"replies":[{"embeddable":true,"href":"https:\/\/www.albinfo.at\/fr\/wp-json\/wp\/v2\/comments?post=829373"}],"version-history":[{"count":3,"href":"https:\/\/www.albinfo.at\/fr\/wp-json\/wp\/v2\/posts\/829373\/revisions"}],"predecessor-version":[{"id":829384,"href":"https:\/\/www.albinfo.at\/fr\/wp-json\/wp\/v2\/posts\/829373\/revisions\/829384"}],"wp:featuredmedia":[{"embeddable":true,"href":"https:\/\/www.albinfo.at\/fr\/wp-json\/wp\/v2\/media\/723841"}],"wp:attachment":[{"href":"https:\/\/www.albinfo.at\/fr\/wp-json\/wp\/v2\/media?parent=829373"}],"wp:term":[{"taxonomy":"category","embeddable":true,"href":"https:\/\/www.albinfo.at\/fr\/wp-json\/wp\/v2\/categories?post=829373"},{"taxonomy":"post_tag","embeddable":true,"href":"https:\/\/www.albinfo.at\/fr\/wp-json\/wp\/v2\/tags?post=829373"},{"taxonomy":"vendi","embeddable":true,"href":"https:\/\/www.albinfo.at\/fr\/wp-json\/wp\/v2\/vendi?post=829373"},{"taxonomy":"content_country","embeddable":true,"href":"https:\/\/www.albinfo.at\/fr\/wp-json\/wp\/v2\/content_country?post=829373"}],"curies":[{"name":"wp","href":"https:\/\/api.w.org\/{rel}","templated":true}]}}