{"id":828811,"date":"2025-05-11T11:40:39","date_gmt":"2025-05-11T09:40:39","guid":{"rendered":"https:\/\/www.albinfo.ch\/?p=828811"},"modified":"2025-05-11T11:41:19","modified_gmt":"2025-05-11T09:41:19","slug":"828811","status":"publish","type":"post","link":"https:\/\/www.albinfo.at\/fr\/828811\/","title":{"rendered":"B\u00e2le, champion de Suisse \u00e0 99 %"},"content":{"rendered":"<p data-start=\"138\" data-end=\"229\">Avec la victoire \u00e0 l\u2019ext\u00e9rieur contre Lugano, B\u00e2le est pratiquement\u00a0 &#8220;champion de Suisse &#8220;.<\/p>\n<p data-start=\"231\" data-end=\"384\">B\u00e2le compte 12 points d\u2019avance sur Servette et dispose d\u2019une diff\u00e9rence de buts nettement sup\u00e9rieure \u00e0 celle du deuxi\u00e8me du classement, \u00e9crit albinfo.ch.<\/p>\n<p data-start=\"386\" data-end=\"579\">Toutefois, pour la c\u00e9l\u00e9bration officielle du titre, il faudra attendre dimanche ou la semaine prochaine. Servette joue demain et, en cas d\u2019\u00e9chec, les supporters de B\u00e2le pourront f\u00eater le titre.<\/p>\n<p data-start=\"581\" data-end=\"648\">Dans le cas contraire, le titre sera report\u00e9 \u00e0 une date ult\u00e9rieure.<\/p>\n<p data-start=\"650\" data-end=\"751\">Quoi qu\u2019il en soit, m\u00eame si B\u00e2le perd tous les matchs restants, le club deviendra champion de Suisse.<\/p>\n<p data-start=\"753\" data-end=\"851\">B\u00e2le a une diff\u00e9rence de buts de +47, contre +5 pour Servette, un \u00e9cart difficilement rattrapable.<\/p>\n<p data-start=\"853\" data-end=\"1063\">Le principal artisan de ce succ\u00e8s est sans doute le capitaine Xherdan Shaqiri, qui compte, apr\u00e8s 35 journ\u00e9es de championnat, 18 buts et 20 passes d\u00e9cisives\u00a0 des chiffres impressionnants pour la star albanaise.<\/p>\n<p>&nbsp;<\/p>\n<p>https:\/\/www.fcb.ch\/aktuell\/news\/1-mannschaft\/infos-moegliche-spontane-meisterfeier\/<\/p>\n","protected":false},"excerpt":{"rendered":"<p>Avec la victoire \u00e0 l\u2019ext\u00e9rieur contre Lugano, B\u00e2le est pratiquement\u00a0 &#8220;champion de Suisse &#8220;. B\u00e2le compte 12 points d\u2019avance sur Servette et dispose d\u2019une diff\u00e9rence de buts nettement sup\u00e9rieure \u00e0 celle du deuxi\u00e8me du classement, \u00e9crit albinfo.ch. Toutefois, pour la c\u00e9l\u00e9bration officielle du titre, il faudra attendre dimanche ou la semaine prochaine. Servette joue demain [&hellip;]<\/p>\n","protected":false},"author":6,"featured_media":764931,"comment_status":"closed","ping_status":"closed","sticky":false,"template":"","format":"standard","meta":{"footnotes":""},"categories":[24671,1169],"tags":[],"vendi":[],"content_country":[31835,31838,31840],"class_list":["post-828811","post","type-post","status-publish","format-standard","has-post-thumbnail","hentry","category-football","category-sport-fr","content_country-austria-fr","content_country-germany-fr","content_country-zvicer-fr"],"acf":[],"_links":{"self":[{"href":"https:\/\/www.albinfo.at\/fr\/wp-json\/wp\/v2\/posts\/828811","targetHints":{"allow":["GET"]}}],"collection":[{"href":"https:\/\/www.albinfo.at\/fr\/wp-json\/wp\/v2\/posts"}],"about":[{"href":"https:\/\/www.albinfo.at\/fr\/wp-json\/wp\/v2\/types\/post"}],"author":[{"embeddable":true,"href":"https:\/\/www.albinfo.at\/fr\/wp-json\/wp\/v2\/users\/6"}],"replies":[{"embeddable":true,"href":"https:\/\/www.albinfo.at\/fr\/wp-json\/wp\/v2\/comments?post=828811"}],"version-history":[{"count":2,"href":"https:\/\/www.albinfo.at\/fr\/wp-json\/wp\/v2\/posts\/828811\/revisions"}],"predecessor-version":[{"id":828813,"href":"https:\/\/www.albinfo.at\/fr\/wp-json\/wp\/v2\/posts\/828811\/revisions\/828813"}],"wp:featuredmedia":[{"embeddable":true,"href":"https:\/\/www.albinfo.at\/fr\/wp-json\/wp\/v2\/media\/764931"}],"wp:attachment":[{"href":"https:\/\/www.albinfo.at\/fr\/wp-json\/wp\/v2\/media?parent=828811"}],"wp:term":[{"taxonomy":"category","embeddable":true,"href":"https:\/\/www.albinfo.at\/fr\/wp-json\/wp\/v2\/categories?post=828811"},{"taxonomy":"post_tag","embeddable":true,"href":"https:\/\/www.albinfo.at\/fr\/wp-json\/wp\/v2\/tags?post=828811"},{"taxonomy":"vendi","embeddable":true,"href":"https:\/\/www.albinfo.at\/fr\/wp-json\/wp\/v2\/vendi?post=828811"},{"taxonomy":"content_country","embeddable":true,"href":"https:\/\/www.albinfo.at\/fr\/wp-json\/wp\/v2\/content_country?post=828811"}],"curies":[{"name":"wp","href":"https:\/\/api.w.org\/{rel}","templated":true}]}}