{"id":827839,"date":"2025-05-07T11:23:41","date_gmt":"2025-05-07T09:23:41","guid":{"rendered":"https:\/\/www.albinfo.ch\/?p=827839"},"modified":"2025-05-07T11:25:29","modified_gmt":"2025-05-07T09:25:29","slug":"ardon-jashari-remporte-la-coupe-de-belgique","status":"publish","type":"post","link":"https:\/\/www.albinfo.at\/fr\/ardon-jashari-remporte-la-coupe-de-belgique\/","title":{"rendered":"Ardon Jashari remporte la Coupe de Belgique"},"content":{"rendered":"<p class=\"x_gmail-\">Le footballeur d&#8217;origine albanaise, Ardon Jashari, qui \u00e9volue sous les couleurs de la Suisse, a d\u00e9croch\u00e9 un troph\u00e9e majeur en Belgique, rapporte\u00a0<a title=\"http:\/\/albinfo.ch\" href=\"http:\/\/albinfo.ch\/\" data-auth=\"NotApplicable\" data-linkindex=\"0\">albinfo.ch<\/a>.<\/p>\n<p class=\"x_gmail-\">Son club, le FC Bruges, a remport\u00e9 la Coupe de Belgique en battant en finale l\u2019\u00e9quipe d\u2019Anderlecht, dirig\u00e9e par Besnik Hasi, sur le score de 2-1.<\/p>\n<p class=\"x_gmail-\">Jashari a disput\u00e9 l\u2019int\u00e9gralit\u00e9 du match dans cette rencontre d\u00e9cisive.<\/p>\n<p class=\"x_gmail-\">Il s\u2019agit du 12\u1d49 titre en Coupe de Belgique pour le FC Bruges, ce qui en fait le club le plus titr\u00e9 de la comp\u00e9tition. Pour le joueur de 22 ans, c\u2019est le tout premier troph\u00e9e de sa carri\u00e8re.<\/p>\n","protected":false},"excerpt":{"rendered":"<p>Le footballeur d&#8217;origine albanaise, Ardon Jashari, qui \u00e9volue sous les couleurs de la Suisse, a d\u00e9croch\u00e9 un troph\u00e9e majeur en Belgique, rapporte\u00a0albinfo.ch. Son club, le FC Bruges, a remport\u00e9 la Coupe de Belgique en battant en finale l\u2019\u00e9quipe d\u2019Anderlecht, dirig\u00e9e par Besnik Hasi, sur le score de 2-1. Jashari a disput\u00e9 l\u2019int\u00e9gralit\u00e9 du match dans [&hellip;]<\/p>\n","protected":false},"author":6,"featured_media":827253,"comment_status":"closed","ping_status":"closed","sticky":false,"template":"","format":"standard","meta":{"footnotes":""},"categories":[24671,1169],"tags":[],"vendi":[],"content_country":[31835,31838,31840],"class_list":["post-827839","post","type-post","status-publish","format-standard","has-post-thumbnail","hentry","category-football","category-sport-fr","content_country-austria-fr","content_country-germany-fr","content_country-zvicer-fr"],"acf":[],"_links":{"self":[{"href":"https:\/\/www.albinfo.at\/fr\/wp-json\/wp\/v2\/posts\/827839","targetHints":{"allow":["GET"]}}],"collection":[{"href":"https:\/\/www.albinfo.at\/fr\/wp-json\/wp\/v2\/posts"}],"about":[{"href":"https:\/\/www.albinfo.at\/fr\/wp-json\/wp\/v2\/types\/post"}],"author":[{"embeddable":true,"href":"https:\/\/www.albinfo.at\/fr\/wp-json\/wp\/v2\/users\/6"}],"replies":[{"embeddable":true,"href":"https:\/\/www.albinfo.at\/fr\/wp-json\/wp\/v2\/comments?post=827839"}],"version-history":[{"count":1,"href":"https:\/\/www.albinfo.at\/fr\/wp-json\/wp\/v2\/posts\/827839\/revisions"}],"predecessor-version":[{"id":827840,"href":"https:\/\/www.albinfo.at\/fr\/wp-json\/wp\/v2\/posts\/827839\/revisions\/827840"}],"wp:featuredmedia":[{"embeddable":true,"href":"https:\/\/www.albinfo.at\/fr\/wp-json\/wp\/v2\/media\/827253"}],"wp:attachment":[{"href":"https:\/\/www.albinfo.at\/fr\/wp-json\/wp\/v2\/media?parent=827839"}],"wp:term":[{"taxonomy":"category","embeddable":true,"href":"https:\/\/www.albinfo.at\/fr\/wp-json\/wp\/v2\/categories?post=827839"},{"taxonomy":"post_tag","embeddable":true,"href":"https:\/\/www.albinfo.at\/fr\/wp-json\/wp\/v2\/tags?post=827839"},{"taxonomy":"vendi","embeddable":true,"href":"https:\/\/www.albinfo.at\/fr\/wp-json\/wp\/v2\/vendi?post=827839"},{"taxonomy":"content_country","embeddable":true,"href":"https:\/\/www.albinfo.at\/fr\/wp-json\/wp\/v2\/content_country?post=827839"}],"curies":[{"name":"wp","href":"https:\/\/api.w.org\/{rel}","templated":true}]}}