{"id":827311,"date":"2025-05-05T14:11:38","date_gmt":"2025-05-05T12:11:38","guid":{"rendered":"https:\/\/www.albinfo.ch\/?p=827311"},"modified":"2025-05-05T14:11:38","modified_gmt":"2025-05-05T12:11:38","slug":"bale-mobilise-700-benevoles-pour-leurovision","status":"publish","type":"post","link":"https:\/\/www.albinfo.at\/fr\/bale-mobilise-700-benevoles-pour-leurovision\/","title":{"rendered":"B\u00e2le mobilise 700 b\u00e9n\u00e9voles pour l\u2019Eurovision"},"content":{"rendered":"<p class=\"x_gmail-\">Environ 320 personnes ont assist\u00e9 vendredi apr\u00e8s-midi \u00e0 l\u2019un des deux \u00e9v\u00e9nements officiels d\u2019information sur le Concours Eurovision de la Chanson (ESC) \u00e0 B\u00e2le.<\/p>\n<p class=\"x_gmail-\">Au total, quelque 700 b\u00e9n\u00e9voles seront mobilis\u00e9s pendant l\u2019ESC.<\/p>\n<p class=\"x_gmail-\">Ils seront charg\u00e9s, entre autres, d\u2019accueillir les d\u00e9l\u00e9gations internationales, de guider les fans et d\u2019orienter les visiteurs.<\/p>\n<p class=\"x_gmail-\">\u00ab Les 700 b\u00e9n\u00e9voles viennent principalement de la r\u00e9gion b\u00e2loise et repr\u00e9sentent 33 nationalit\u00e9s \u00bb, a d\u00e9clar\u00e9 Sarah Kreis, responsable des b\u00e9n\u00e9voles, \u00e0 Keystone-SDA, rapporte\u00a0<a title=\"http:\/\/albinfo.ch\" href=\"http:\/\/albinfo.ch\/\" data-auth=\"NotApplicable\" data-linkindex=\"0\">albinfo.ch<\/a>. Le plus \u00e2g\u00e9 d\u2019entre eux a 80 ans. Lors de la premi\u00e8re phase de recrutement, 7 000 personnes s\u2019\u00e9taient inscrites, tandis que la phase actuelle a attir\u00e9 3 500 personnes int\u00e9ress\u00e9es, selon Kreis.<\/p>\n<p class=\"x_gmail-\">En guise de remerciement, les b\u00e9n\u00e9voles b\u00e9n\u00e9ficieront d\u2019un aper\u00e7u exclusif des coulisses de l\u2019ESC, recevront des tenues officielles, des repas, ainsi qu\u2019une invitation \u00e0 la f\u00eate de cl\u00f4ture. Ils auront \u00e9galement acc\u00e8s gratuitement aux transports publics et certains auront m\u00eame la chance de participer \u00e0 la grande parade du 11 mai.<\/p>\n","protected":false},"excerpt":{"rendered":"<p>Environ 320 personnes ont assist\u00e9 vendredi apr\u00e8s-midi \u00e0 l\u2019un des deux \u00e9v\u00e9nements officiels d\u2019information sur le Concours Eurovision de la Chanson (ESC) \u00e0 B\u00e2le. Au total, quelque 700 b\u00e9n\u00e9voles seront mobilis\u00e9s pendant l\u2019ESC. Ils seront charg\u00e9s, entre autres, d\u2019accueillir les d\u00e9l\u00e9gations internationales, de guider les fans et d\u2019orienter les visiteurs. \u00ab Les 700 b\u00e9n\u00e9voles viennent [&hellip;]<\/p>\n","protected":false},"author":6,"featured_media":802717,"comment_status":"closed","ping_status":"closed","sticky":false,"template":"","format":"standard","meta":{"footnotes":""},"categories":[1187,18826,24630,1170],"tags":[],"vendi":[],"content_country":[31835,31838,31840],"class_list":["post-827311","post","type-post","status-publish","format-standard","has-post-thumbnail","hentry","category-breves","category-lajme-jeta-ne-zvicer-fr","category-nouvelles","category-vivre-en-suisse","content_country-austria-fr","content_country-germany-fr","content_country-zvicer-fr"],"acf":[],"_links":{"self":[{"href":"https:\/\/www.albinfo.at\/fr\/wp-json\/wp\/v2\/posts\/827311","targetHints":{"allow":["GET"]}}],"collection":[{"href":"https:\/\/www.albinfo.at\/fr\/wp-json\/wp\/v2\/posts"}],"about":[{"href":"https:\/\/www.albinfo.at\/fr\/wp-json\/wp\/v2\/types\/post"}],"author":[{"embeddable":true,"href":"https:\/\/www.albinfo.at\/fr\/wp-json\/wp\/v2\/users\/6"}],"replies":[{"embeddable":true,"href":"https:\/\/www.albinfo.at\/fr\/wp-json\/wp\/v2\/comments?post=827311"}],"version-history":[{"count":1,"href":"https:\/\/www.albinfo.at\/fr\/wp-json\/wp\/v2\/posts\/827311\/revisions"}],"predecessor-version":[{"id":827312,"href":"https:\/\/www.albinfo.at\/fr\/wp-json\/wp\/v2\/posts\/827311\/revisions\/827312"}],"wp:featuredmedia":[{"embeddable":true,"href":"https:\/\/www.albinfo.at\/fr\/wp-json\/wp\/v2\/media\/802717"}],"wp:attachment":[{"href":"https:\/\/www.albinfo.at\/fr\/wp-json\/wp\/v2\/media?parent=827311"}],"wp:term":[{"taxonomy":"category","embeddable":true,"href":"https:\/\/www.albinfo.at\/fr\/wp-json\/wp\/v2\/categories?post=827311"},{"taxonomy":"post_tag","embeddable":true,"href":"https:\/\/www.albinfo.at\/fr\/wp-json\/wp\/v2\/tags?post=827311"},{"taxonomy":"vendi","embeddable":true,"href":"https:\/\/www.albinfo.at\/fr\/wp-json\/wp\/v2\/vendi?post=827311"},{"taxonomy":"content_country","embeddable":true,"href":"https:\/\/www.albinfo.at\/fr\/wp-json\/wp\/v2\/content_country?post=827311"}],"curies":[{"name":"wp","href":"https:\/\/api.w.org\/{rel}","templated":true}]}}