{"id":825853,"date":"2025-04-29T14:47:55","date_gmt":"2025-04-29T12:47:55","guid":{"rendered":"https:\/\/www.albinfo.ch\/?p=825853"},"modified":"2025-04-29T14:47:55","modified_gmt":"2025-04-29T12:47:55","slug":"shaqiri-mene-bale-vers-deux-trophees","status":"publish","type":"post","link":"https:\/\/www.albinfo.at\/fr\/shaqiri-mene-bale-vers-deux-trophees\/","title":{"rendered":"Shaqiri m\u00e8ne B\u00e2le vers deux troph\u00e9es"},"content":{"rendered":"<p class=\"x_gmail-\">Xherdan est revenu dans sa &#8220;maison&#8221; \u00e0 B\u00e2le, o\u00f9 il s&#8217;\u00e9tait form\u00e9 comme joueur et s&#8217;\u00e9tait fait conna\u00eetre, rapporte\u00a0<a title=\"http:\/\/albinfo.ch\" href=\"http:\/\/albinfo.ch\/\" data-auth=\"NotApplicable\" data-linkindex=\"0\">albinfo.ch<\/a>.<\/p>\n<p class=\"x_gmail-\">B\u00e2le dominait avec Shaqiri et Granit Xhaka, mais le club manquait de troph\u00e9es ces derni\u00e8res ann\u00e9es.<\/p>\n<p class=\"x_gmail-\">Avec son retour, Shaqiri semble d\u00e9termin\u00e9 \u00e0 ramener les troph\u00e9es.<\/p>\n<p class=\"x_gmail-\">Shaqiri a conduit B\u00e2le en finale de la Coupe de Suisse. En finale, le 1er juin \u00e0 Berne, B\u00e2le affrontera l\u2019\u00e9quipe de Biel-Bienne, qui \u00e9volue en troisi\u00e8me division.<\/p>\n<p class=\"x_gmail-\">B\u00e2le est en t\u00eate de la Super League suisse avec six points d&#8217;avance sur le deuxi\u00e8me, alors qu&#8217;il reste cinq journ\u00e9es \u00e0 jouer dans la phase finale.<\/p>\n<p class=\"x_gmail-\">Shaqiri est le meilleur buteur avec 14 buts et \u00e9galement le meilleur passeur de la ligue avec 17 passes d\u00e9cisives.<\/p>\n<p class=\"x_gmail-\">Il est le grand favori pour \u00eatre \u00e9lu Joueur de l\u2019ann\u00e9e en Suisse.<\/p>\n","protected":false},"excerpt":{"rendered":"<p>Xherdan est revenu dans sa &#8220;maison&#8221; \u00e0 B\u00e2le, o\u00f9 il s&#8217;\u00e9tait form\u00e9 comme joueur et s&#8217;\u00e9tait fait conna\u00eetre, rapporte\u00a0albinfo.ch. B\u00e2le dominait avec Shaqiri et Granit Xhaka, mais le club manquait de troph\u00e9es ces derni\u00e8res ann\u00e9es. Avec son retour, Shaqiri semble d\u00e9termin\u00e9 \u00e0 ramener les troph\u00e9es. Shaqiri a conduit B\u00e2le en finale de la Coupe de [&hellip;]<\/p>\n","protected":false},"author":6,"featured_media":823939,"comment_status":"closed","ping_status":"closed","sticky":false,"template":"","format":"standard","meta":{"footnotes":""},"categories":[24671,1169],"tags":[],"vendi":[],"content_country":[31835,31838,31840],"class_list":["post-825853","post","type-post","status-publish","format-standard","has-post-thumbnail","hentry","category-football","category-sport-fr","content_country-austria-fr","content_country-germany-fr","content_country-zvicer-fr"],"acf":[],"_links":{"self":[{"href":"https:\/\/www.albinfo.at\/fr\/wp-json\/wp\/v2\/posts\/825853","targetHints":{"allow":["GET"]}}],"collection":[{"href":"https:\/\/www.albinfo.at\/fr\/wp-json\/wp\/v2\/posts"}],"about":[{"href":"https:\/\/www.albinfo.at\/fr\/wp-json\/wp\/v2\/types\/post"}],"author":[{"embeddable":true,"href":"https:\/\/www.albinfo.at\/fr\/wp-json\/wp\/v2\/users\/6"}],"replies":[{"embeddable":true,"href":"https:\/\/www.albinfo.at\/fr\/wp-json\/wp\/v2\/comments?post=825853"}],"version-history":[{"count":1,"href":"https:\/\/www.albinfo.at\/fr\/wp-json\/wp\/v2\/posts\/825853\/revisions"}],"predecessor-version":[{"id":825854,"href":"https:\/\/www.albinfo.at\/fr\/wp-json\/wp\/v2\/posts\/825853\/revisions\/825854"}],"wp:featuredmedia":[{"embeddable":true,"href":"https:\/\/www.albinfo.at\/fr\/wp-json\/wp\/v2\/media\/823939"}],"wp:attachment":[{"href":"https:\/\/www.albinfo.at\/fr\/wp-json\/wp\/v2\/media?parent=825853"}],"wp:term":[{"taxonomy":"category","embeddable":true,"href":"https:\/\/www.albinfo.at\/fr\/wp-json\/wp\/v2\/categories?post=825853"},{"taxonomy":"post_tag","embeddable":true,"href":"https:\/\/www.albinfo.at\/fr\/wp-json\/wp\/v2\/tags?post=825853"},{"taxonomy":"vendi","embeddable":true,"href":"https:\/\/www.albinfo.at\/fr\/wp-json\/wp\/v2\/vendi?post=825853"},{"taxonomy":"content_country","embeddable":true,"href":"https:\/\/www.albinfo.at\/fr\/wp-json\/wp\/v2\/content_country?post=825853"}],"curies":[{"name":"wp","href":"https:\/\/api.w.org\/{rel}","templated":true}]}}