{"id":824540,"date":"2025-04-23T23:40:48","date_gmt":"2025-04-23T21:40:48","guid":{"rendered":"https:\/\/www.albinfo.ch\/?p=824540"},"modified":"2025-04-23T23:40:48","modified_gmt":"2025-04-23T21:40:48","slug":"distria-krasniqi-en-quarts-de-finale-du-championnat-deurope-apres-sa-victoire-contre-une-judokate-serbe","status":"publish","type":"post","link":"https:\/\/www.albinfo.at\/fr\/distria-krasniqi-en-quarts-de-finale-du-championnat-deurope-apres-sa-victoire-contre-une-judokate-serbe\/","title":{"rendered":"Distria Krasniqi en quarts de finale du Championnat d&#8217;Europe apr\u00e8s sa victoire contre une judokate serbe"},"content":{"rendered":"<p class=\"x_gmail-\">Distria Krasniqi a battu la Serbe Milica Nikoli\u0107 en huiti\u00e8mes de finale du Championnat d&#8217;Europe de judo qui se d\u00e9roule \u00e0 Podgorica.<\/p>\n<p class=\"x_gmail-\">Krasniqi a domin\u00e9 le combat dans la cat\u00e9gorie des moins de 52 kg, tandis que Nikoli\u0107 a re\u00e7u un carton rouge \u00e0 la fin pour un mouvement incorrect.<\/p>\n<p class=\"x_gmail-\">Avant cela, Nikoli\u0107 avait d\u00e9j\u00e0 re\u00e7u deux cartons jaunes.<\/p>\n<p class=\"x_gmail-\">En quarts de finale, Krasniqi affrontera la N\u00e9erlandaise Naomi van Krevel, rapporte\u00a0<a title=\"http:\/\/albinfo.ch\" href=\"http:\/\/albinfo.ch\/\" data-auth=\"NotApplicable\" data-linkindex=\"0\">albinfo.ch<\/a>.<\/p>\n<p class=\"x_gmail-\">Laurine Gashi a \u00e9galement particip\u00e9 \u00e0 ce championnat, mais a \u00e9t\u00e9 \u00e9limin\u00e9e au premier tour.<\/p>\n","protected":false},"excerpt":{"rendered":"<p>Distria Krasniqi a battu la Serbe Milica Nikoli\u0107 en huiti\u00e8mes de finale du Championnat d&#8217;Europe de judo qui se d\u00e9roule \u00e0 Podgorica. Krasniqi a domin\u00e9 le combat dans la cat\u00e9gorie des moins de 52 kg, tandis que Nikoli\u0107 a re\u00e7u un carton rouge \u00e0 la fin pour un mouvement incorrect. Avant cela, Nikoli\u0107 avait d\u00e9j\u00e0 [&hellip;]<\/p>\n","protected":false},"author":6,"featured_media":757711,"comment_status":"closed","ping_status":"closed","sticky":false,"template":"","format":"standard","meta":{"footnotes":""},"categories":[24640,1169],"tags":[],"vendi":[],"content_country":[31835,31838,31840],"class_list":["post-824540","post","type-post","status-publish","format-standard","has-post-thumbnail","hentry","category-autres-fr-2","category-sport-fr","content_country-austria-fr","content_country-germany-fr","content_country-zvicer-fr"],"acf":[],"_links":{"self":[{"href":"https:\/\/www.albinfo.at\/fr\/wp-json\/wp\/v2\/posts\/824540","targetHints":{"allow":["GET"]}}],"collection":[{"href":"https:\/\/www.albinfo.at\/fr\/wp-json\/wp\/v2\/posts"}],"about":[{"href":"https:\/\/www.albinfo.at\/fr\/wp-json\/wp\/v2\/types\/post"}],"author":[{"embeddable":true,"href":"https:\/\/www.albinfo.at\/fr\/wp-json\/wp\/v2\/users\/6"}],"replies":[{"embeddable":true,"href":"https:\/\/www.albinfo.at\/fr\/wp-json\/wp\/v2\/comments?post=824540"}],"version-history":[{"count":1,"href":"https:\/\/www.albinfo.at\/fr\/wp-json\/wp\/v2\/posts\/824540\/revisions"}],"predecessor-version":[{"id":824541,"href":"https:\/\/www.albinfo.at\/fr\/wp-json\/wp\/v2\/posts\/824540\/revisions\/824541"}],"wp:featuredmedia":[{"embeddable":true,"href":"https:\/\/www.albinfo.at\/fr\/wp-json\/wp\/v2\/media\/757711"}],"wp:attachment":[{"href":"https:\/\/www.albinfo.at\/fr\/wp-json\/wp\/v2\/media?parent=824540"}],"wp:term":[{"taxonomy":"category","embeddable":true,"href":"https:\/\/www.albinfo.at\/fr\/wp-json\/wp\/v2\/categories?post=824540"},{"taxonomy":"post_tag","embeddable":true,"href":"https:\/\/www.albinfo.at\/fr\/wp-json\/wp\/v2\/tags?post=824540"},{"taxonomy":"vendi","embeddable":true,"href":"https:\/\/www.albinfo.at\/fr\/wp-json\/wp\/v2\/vendi?post=824540"},{"taxonomy":"content_country","embeddable":true,"href":"https:\/\/www.albinfo.at\/fr\/wp-json\/wp\/v2\/content_country?post=824540"}],"curies":[{"name":"wp","href":"https:\/\/api.w.org\/{rel}","templated":true}]}}