{"id":824523,"date":"2025-04-23T23:29:42","date_gmt":"2025-04-23T21:29:42","guid":{"rendered":"https:\/\/www.albinfo.ch\/?p=824523"},"modified":"2025-04-23T23:29:42","modified_gmt":"2025-04-23T21:29:42","slug":"shaqiri-tranche-lequipe-nationale-ce-nest-plus-pour-moi","status":"publish","type":"post","link":"https:\/\/www.albinfo.at\/fr\/shaqiri-tranche-lequipe-nationale-ce-nest-plus-pour-moi\/","title":{"rendered":"Shaqiri tranche : \u00ab L\u2019\u00e9quipe nationale, ce n\u2019est plus pour moi \u00bb"},"content":{"rendered":"<p class=\"x_gmail-\" data-olk-copy-source=\"MessageBody\">Xherdan Shaqiri a \u00e9t\u00e9 cat\u00e9gorique :\u00a0il ne reviendra plus en \u00e9quipe nationale suisse. Apr\u00e8s la victoire 5-0 de son \u00e9quipe contre Yverdon, il a d\u00e9clar\u00e9 :<br \/>\n\u00ab Pour moi, il n\u2019est plus question de l\u2019\u00e9quipe nationale. \u00bb<\/p>\n<p class=\"x_gmail-\" data-olk-copy-source=\"MessageBody\">Cette d\u00e9claration met fin aux sp\u00e9culations autour d\u2019un \u00e9ventuel retour, surtout apr\u00e8s les r\u00e9sultats en demi-teinte de la Suisse lors des derni\u00e8res rencontres, rapporte\u00a0<em>20 Minuten<\/em>, relay\u00e9 par\u00a0<a title=\"http:\/\/albinfo.ch\" href=\"http:\/\/albinfo.ch\/\" data-auth=\"NotApplicable\" data-linkindex=\"0\">albinfo.ch<\/a>.<\/p>\n<p class=\"x_gmail-\">Shaqiri s\u2019est retir\u00e9 de l\u2019\u00e9quipe nationale depuis l\u2019\u00e9t\u00e9 dernier, apr\u00e8s le Championnat d\u2019Europe. Bien que certains aient \u00e9voqu\u00e9 un retour \u00e0 la mani\u00e8re de Toni Kroos (qui a repris avec l\u2019Allemagne), Shaqiri n\u2019a aucune intention de faire de m\u00eame. Il affirme se sentir bien l\u00e0 o\u00f9 il est et veut d\u00e9sormais se concentrer uniquement sur son club, le FC B\u00e2le.<\/p>\n<h3 class=\"x_gmail-\">Objectif : le titre et un record personnel<\/h3>\n<p class=\"x_gmail-\">Le FC B\u00e2le est actuellement en t\u00eate du championnat, avec six points d\u2019avance et seulement cinq matchs restants.<br \/>\n\u00ab C\u2019est un bon avantage pour nous, mais chaque match reste crucial \u00bb, d\u00e9clare-t-il.<br \/>\nSon objectif est clair : \u00ab Nous voulons devenir champions. \u00bb<\/p>\n<p class=\"x_gmail-\">Mais Shaqiri a aussi un objectif personnel : battre le record de passes d\u00e9cisives en Super League suisse. Il compte d\u00e9j\u00e0 17 assists, et il ne lui en manque que trois pour d\u00e9passer le record de Miroslav Stevanovi\u0107, qui en totalise 20.<\/p>\n<p class=\"x_gmail-\">En grande forme, Shaqiri semble pr\u00eat \u00e0 mener le FC B\u00e2le vers le titre et \u00e0 inscrire son nom dans l\u2019histoire du championnat. Pour lui, seul B\u00e2le compte d\u00e9sormais.<\/p>\n","protected":false},"excerpt":{"rendered":"<p>Xherdan Shaqiri a \u00e9t\u00e9 cat\u00e9gorique :\u00a0il ne reviendra plus en \u00e9quipe nationale suisse. Apr\u00e8s la victoire 5-0 de son \u00e9quipe contre Yverdon, il a d\u00e9clar\u00e9 : \u00ab Pour moi, il n\u2019est plus question de l\u2019\u00e9quipe nationale. \u00bb Cette d\u00e9claration met fin aux sp\u00e9culations autour d\u2019un \u00e9ventuel retour, surtout apr\u00e8s les r\u00e9sultats en demi-teinte de la [&hellip;]<\/p>\n","protected":false},"author":6,"featured_media":823936,"comment_status":"closed","ping_status":"closed","sticky":false,"template":"","format":"standard","meta":{"footnotes":""},"categories":[24630,24671,1169],"tags":[],"vendi":[],"content_country":[31835,31838,31840],"class_list":["post-824523","post","type-post","status-publish","format-standard","has-post-thumbnail","hentry","category-nouvelles","category-football","category-sport-fr","content_country-austria-fr","content_country-germany-fr","content_country-zvicer-fr"],"acf":[],"_links":{"self":[{"href":"https:\/\/www.albinfo.at\/fr\/wp-json\/wp\/v2\/posts\/824523","targetHints":{"allow":["GET"]}}],"collection":[{"href":"https:\/\/www.albinfo.at\/fr\/wp-json\/wp\/v2\/posts"}],"about":[{"href":"https:\/\/www.albinfo.at\/fr\/wp-json\/wp\/v2\/types\/post"}],"author":[{"embeddable":true,"href":"https:\/\/www.albinfo.at\/fr\/wp-json\/wp\/v2\/users\/6"}],"replies":[{"embeddable":true,"href":"https:\/\/www.albinfo.at\/fr\/wp-json\/wp\/v2\/comments?post=824523"}],"version-history":[{"count":1,"href":"https:\/\/www.albinfo.at\/fr\/wp-json\/wp\/v2\/posts\/824523\/revisions"}],"predecessor-version":[{"id":824524,"href":"https:\/\/www.albinfo.at\/fr\/wp-json\/wp\/v2\/posts\/824523\/revisions\/824524"}],"wp:featuredmedia":[{"embeddable":true,"href":"https:\/\/www.albinfo.at\/fr\/wp-json\/wp\/v2\/media\/823936"}],"wp:attachment":[{"href":"https:\/\/www.albinfo.at\/fr\/wp-json\/wp\/v2\/media?parent=824523"}],"wp:term":[{"taxonomy":"category","embeddable":true,"href":"https:\/\/www.albinfo.at\/fr\/wp-json\/wp\/v2\/categories?post=824523"},{"taxonomy":"post_tag","embeddable":true,"href":"https:\/\/www.albinfo.at\/fr\/wp-json\/wp\/v2\/tags?post=824523"},{"taxonomy":"vendi","embeddable":true,"href":"https:\/\/www.albinfo.at\/fr\/wp-json\/wp\/v2\/vendi?post=824523"},{"taxonomy":"content_country","embeddable":true,"href":"https:\/\/www.albinfo.at\/fr\/wp-json\/wp\/v2\/content_country?post=824523"}],"curies":[{"name":"wp","href":"https:\/\/api.w.org\/{rel}","templated":true}]}}