{"id":823194,"date":"2025-04-18T01:14:58","date_gmt":"2025-04-17T23:14:58","guid":{"rendered":"https:\/\/www.albinfo.ch\/?p=823194"},"modified":"2025-04-18T01:14:58","modified_gmt":"2025-04-17T23:14:58","slug":"voiture-suisse-100-electrique-la-plus-ecologique-au-monde","status":"publish","type":"post","link":"https:\/\/www.albinfo.at\/fr\/voiture-suisse-100-electrique-la-plus-ecologique-au-monde\/","title":{"rendered":"Voiture suisse 100 % \u00e9lectrique, la plus \u00ab\u202f\u00e9cologique\u202f\u00bb au monde"},"content":{"rendered":"<p class=\"x_gmail-\">Softcar est consid\u00e9r\u00e9e comme l\u2019une des voitures les plus \u00e9cologiques au monde, \u00e9crit\u00a0<a title=\"http:\/\/albinfo.ch\" href=\"http:\/\/albinfo.ch\/\" data-auth=\"NotApplicable\" data-linkindex=\"0\">albinfo.ch<\/a>.<\/p>\n<p class=\"x_gmail-\">Il s\u2019agit d\u2019un v\u00e9hicule r\u00e9volutionnaire, d\u00e9sormais homologu\u00e9 pour la vente en Europe.<\/p>\n<p class=\"x_gmail-\">Cette voiture 100 % \u00e9lectrique r\u00e9duit de mani\u00e8re drastique son empreinte carbone et contribue \u00e0 la lutte contre la pollution urbaine. Selon l\u2019entreprise,<br \/>\nSoftcar est le premier et le seul constructeur automobile \u00e0 avoir atteint des \u00e9missions nettes nulles de CO\u2082. \/Albinfo.ch\/<\/p>\n","protected":false},"excerpt":{"rendered":"<p>Softcar est consid\u00e9r\u00e9e comme l\u2019une des voitures les plus \u00e9cologiques au monde, \u00e9crit\u00a0albinfo.ch. Il s\u2019agit d\u2019un v\u00e9hicule r\u00e9volutionnaire, d\u00e9sormais homologu\u00e9 pour la vente en Europe. Cette voiture 100 % \u00e9lectrique r\u00e9duit de mani\u00e8re drastique son empreinte carbone et contribue \u00e0 la lutte contre la pollution urbaine. Selon l\u2019entreprise, Softcar est le premier et le seul [&hellip;]<\/p>\n","protected":false},"author":6,"featured_media":822343,"comment_status":"closed","ping_status":"closed","sticky":false,"template":"","format":"standard","meta":{"footnotes":""},"categories":[33431,18826,24630,1170],"tags":[],"vendi":[],"content_country":[31835,31838,31840],"class_list":["post-823194","post","type-post","status-publish","format-standard","has-post-thumbnail","hentry","category-kuriozitete-fr","category-lajme-jeta-ne-zvicer-fr","category-nouvelles","category-vivre-en-suisse","content_country-austria-fr","content_country-germany-fr","content_country-zvicer-fr"],"acf":[],"_links":{"self":[{"href":"https:\/\/www.albinfo.at\/fr\/wp-json\/wp\/v2\/posts\/823194","targetHints":{"allow":["GET"]}}],"collection":[{"href":"https:\/\/www.albinfo.at\/fr\/wp-json\/wp\/v2\/posts"}],"about":[{"href":"https:\/\/www.albinfo.at\/fr\/wp-json\/wp\/v2\/types\/post"}],"author":[{"embeddable":true,"href":"https:\/\/www.albinfo.at\/fr\/wp-json\/wp\/v2\/users\/6"}],"replies":[{"embeddable":true,"href":"https:\/\/www.albinfo.at\/fr\/wp-json\/wp\/v2\/comments?post=823194"}],"version-history":[{"count":1,"href":"https:\/\/www.albinfo.at\/fr\/wp-json\/wp\/v2\/posts\/823194\/revisions"}],"predecessor-version":[{"id":823219,"href":"https:\/\/www.albinfo.at\/fr\/wp-json\/wp\/v2\/posts\/823194\/revisions\/823219"}],"wp:featuredmedia":[{"embeddable":true,"href":"https:\/\/www.albinfo.at\/fr\/wp-json\/wp\/v2\/media\/822343"}],"wp:attachment":[{"href":"https:\/\/www.albinfo.at\/fr\/wp-json\/wp\/v2\/media?parent=823194"}],"wp:term":[{"taxonomy":"category","embeddable":true,"href":"https:\/\/www.albinfo.at\/fr\/wp-json\/wp\/v2\/categories?post=823194"},{"taxonomy":"post_tag","embeddable":true,"href":"https:\/\/www.albinfo.at\/fr\/wp-json\/wp\/v2\/tags?post=823194"},{"taxonomy":"vendi","embeddable":true,"href":"https:\/\/www.albinfo.at\/fr\/wp-json\/wp\/v2\/vendi?post=823194"},{"taxonomy":"content_country","embeddable":true,"href":"https:\/\/www.albinfo.at\/fr\/wp-json\/wp\/v2\/content_country?post=823194"}],"curies":[{"name":"wp","href":"https:\/\/api.w.org\/{rel}","templated":true}]}}