{"id":823182,"date":"2025-04-18T00:00:44","date_gmt":"2025-04-17T22:00:44","guid":{"rendered":"https:\/\/www.albinfo.ch\/?p=823182"},"modified":"2025-04-18T00:00:44","modified_gmt":"2025-04-17T22:00:44","slug":"cette-compagnie-aerienne-suisse-change-son-identifiant-officiel","status":"publish","type":"post","link":"https:\/\/www.albinfo.at\/fr\/cette-compagnie-aerienne-suisse-change-son-identifiant-officiel\/","title":{"rendered":"Cette compagnie a\u00e9rienne suisse change son identifiant officiel"},"content":{"rendered":"<p class=\"x_gmail-\">La compagnie a\u00e9rienne suisse qui relie Zurich \u00e0 15 destinations, connue jusqu\u2019\u00e0 pr\u00e9sent sous le code IATA GM, op\u00e9rera d\u00e9sormais sous une nouvelle abr\u00e9viation \u00e0 partir du 29 avril : CS, pour Chair Switzerland, rapporte\u00a0<a title=\"http:\/\/albinfo.ch\" href=\"http:\/\/albinfo.ch\/\" data-auth=\"NotApplicable\" data-linkindex=\"0\">albinfo.ch<\/a>.<\/p>\n<p class=\"x_gmail-\">Ce nouveau code symbolise l\u2019ambition de Chair de s\u2019affirmer plus clairement comme une compagnie a\u00e9rienne suisse, au m\u00eame titre que SWISS, Edelweiss ou Helvetica.<\/p>\n<p class=\"x_gmail-\">\u00ab\u202fNos valeurs et notre ADN sont inextricablement li\u00e9s \u00e0 la Suisse. Avec ce nouveau code, nous transmettons d\u00e9sormais cette identit\u00e9 de mani\u00e8re visible au monde ext\u00e9rieur\u202f\u00bb, a d\u00e9clar\u00e9 Ruzica Pantic, membre du conseil ex\u00e9cutif de la compagnie.<\/p>\n<p class=\"x_gmail-\">M\u00eame si ce changement n\u2019aura pas d\u2019impact op\u00e9rationnel majeur, il repr\u00e9sente une \u00e9tape strat\u00e9gique importante pour l\u2019\u00e9volution de la compagnie.<\/p>\n","protected":false},"excerpt":{"rendered":"<p>La compagnie a\u00e9rienne suisse qui relie Zurich \u00e0 15 destinations, connue jusqu\u2019\u00e0 pr\u00e9sent sous le code IATA GM, op\u00e9rera d\u00e9sormais sous une nouvelle abr\u00e9viation \u00e0 partir du 29 avril : CS, pour Chair Switzerland, rapporte\u00a0albinfo.ch. Ce nouveau code symbolise l\u2019ambition de Chair de s\u2019affirmer plus clairement comme une compagnie a\u00e9rienne suisse, au m\u00eame titre que [&hellip;]<\/p>\n","protected":false},"author":6,"featured_media":419028,"comment_status":"closed","ping_status":"closed","sticky":false,"template":"","format":"standard","meta":{"footnotes":""},"categories":[18826,24630,1170],"tags":[],"vendi":[],"content_country":[31835,31838,31840],"class_list":["post-823182","post","type-post","status-publish","format-standard","has-post-thumbnail","hentry","category-lajme-jeta-ne-zvicer-fr","category-nouvelles","category-vivre-en-suisse","content_country-austria-fr","content_country-germany-fr","content_country-zvicer-fr"],"acf":[],"_links":{"self":[{"href":"https:\/\/www.albinfo.at\/fr\/wp-json\/wp\/v2\/posts\/823182","targetHints":{"allow":["GET"]}}],"collection":[{"href":"https:\/\/www.albinfo.at\/fr\/wp-json\/wp\/v2\/posts"}],"about":[{"href":"https:\/\/www.albinfo.at\/fr\/wp-json\/wp\/v2\/types\/post"}],"author":[{"embeddable":true,"href":"https:\/\/www.albinfo.at\/fr\/wp-json\/wp\/v2\/users\/6"}],"replies":[{"embeddable":true,"href":"https:\/\/www.albinfo.at\/fr\/wp-json\/wp\/v2\/comments?post=823182"}],"version-history":[{"count":1,"href":"https:\/\/www.albinfo.at\/fr\/wp-json\/wp\/v2\/posts\/823182\/revisions"}],"predecessor-version":[{"id":823183,"href":"https:\/\/www.albinfo.at\/fr\/wp-json\/wp\/v2\/posts\/823182\/revisions\/823183"}],"wp:featuredmedia":[{"embeddable":true,"href":"https:\/\/www.albinfo.at\/fr\/wp-json\/wp\/v2\/media\/419028"}],"wp:attachment":[{"href":"https:\/\/www.albinfo.at\/fr\/wp-json\/wp\/v2\/media?parent=823182"}],"wp:term":[{"taxonomy":"category","embeddable":true,"href":"https:\/\/www.albinfo.at\/fr\/wp-json\/wp\/v2\/categories?post=823182"},{"taxonomy":"post_tag","embeddable":true,"href":"https:\/\/www.albinfo.at\/fr\/wp-json\/wp\/v2\/tags?post=823182"},{"taxonomy":"vendi","embeddable":true,"href":"https:\/\/www.albinfo.at\/fr\/wp-json\/wp\/v2\/vendi?post=823182"},{"taxonomy":"content_country","embeddable":true,"href":"https:\/\/www.albinfo.at\/fr\/wp-json\/wp\/v2\/content_country?post=823182"}],"curies":[{"name":"wp","href":"https:\/\/api.w.org\/{rel}","templated":true}]}}