{"id":823168,"date":"2025-04-17T23:37:46","date_gmt":"2025-04-17T21:37:46","guid":{"rendered":"https:\/\/www.albinfo.ch\/?p=823168"},"modified":"2025-04-17T23:37:46","modified_gmt":"2025-04-17T21:37:46","slug":"les-sites-daffaires-suisses-classes-parmi-les-meilleurs-deurope","status":"publish","type":"post","link":"https:\/\/www.albinfo.at\/fr\/les-sites-daffaires-suisses-classes-parmi-les-meilleurs-deurope\/","title":{"rendered":"Les sites d\u2019affaires suisses class\u00e9s parmi les meilleurs d\u2019Europe"},"content":{"rendered":"<p class=\"x_gmail-\">La Suisse figure une fois de plus parmi les dix meilleurs pays dans le classement des villes et r\u00e9gions europ\u00e9ennes du futur 2025, \u00e9tabli par fDi Intelligence, qui \u00e9value les sites les plus attractifs d\u2019Europe pour les investissements directs \u00e9trangers, rapporte\u00a0<a title=\"http:\/\/albinfo.ch\" href=\"http:\/\/albinfo.ch\/\" data-auth=\"NotApplicable\" data-linkindex=\"0\">albinfo.ch<\/a>.<\/p>\n<p class=\"x_gmail-\">Il convient de souligner que Zoug a \u00e9t\u00e9 class\u00e9e premi\u00e8re parmi les micro-villes, tandis que Zurich a pris la deuxi\u00e8me place parmi les villes de taille moyenne, et B\u00e2le s\u2019est class\u00e9e septi\u00e8me parmi les petites villes.<\/p>\n","protected":false},"excerpt":{"rendered":"<p>La Suisse figure une fois de plus parmi les dix meilleurs pays dans le classement des villes et r\u00e9gions europ\u00e9ennes du futur 2025, \u00e9tabli par fDi Intelligence, qui \u00e9value les sites les plus attractifs d\u2019Europe pour les investissements directs \u00e9trangers, rapporte\u00a0albinfo.ch. Il convient de souligner que Zoug a \u00e9t\u00e9 class\u00e9e premi\u00e8re parmi les micro-villes, tandis [&hellip;]<\/p>\n","protected":false},"author":6,"featured_media":822608,"comment_status":"closed","ping_status":"closed","sticky":false,"template":"","format":"standard","meta":{"footnotes":""},"categories":[18826,24630,1170],"tags":[],"vendi":[],"content_country":[31835,31838,31840],"class_list":["post-823168","post","type-post","status-publish","format-standard","has-post-thumbnail","hentry","category-lajme-jeta-ne-zvicer-fr","category-nouvelles","category-vivre-en-suisse","content_country-austria-fr","content_country-germany-fr","content_country-zvicer-fr"],"acf":[],"_links":{"self":[{"href":"https:\/\/www.albinfo.at\/fr\/wp-json\/wp\/v2\/posts\/823168","targetHints":{"allow":["GET"]}}],"collection":[{"href":"https:\/\/www.albinfo.at\/fr\/wp-json\/wp\/v2\/posts"}],"about":[{"href":"https:\/\/www.albinfo.at\/fr\/wp-json\/wp\/v2\/types\/post"}],"author":[{"embeddable":true,"href":"https:\/\/www.albinfo.at\/fr\/wp-json\/wp\/v2\/users\/6"}],"replies":[{"embeddable":true,"href":"https:\/\/www.albinfo.at\/fr\/wp-json\/wp\/v2\/comments?post=823168"}],"version-history":[{"count":1,"href":"https:\/\/www.albinfo.at\/fr\/wp-json\/wp\/v2\/posts\/823168\/revisions"}],"predecessor-version":[{"id":823169,"href":"https:\/\/www.albinfo.at\/fr\/wp-json\/wp\/v2\/posts\/823168\/revisions\/823169"}],"wp:featuredmedia":[{"embeddable":true,"href":"https:\/\/www.albinfo.at\/fr\/wp-json\/wp\/v2\/media\/822608"}],"wp:attachment":[{"href":"https:\/\/www.albinfo.at\/fr\/wp-json\/wp\/v2\/media?parent=823168"}],"wp:term":[{"taxonomy":"category","embeddable":true,"href":"https:\/\/www.albinfo.at\/fr\/wp-json\/wp\/v2\/categories?post=823168"},{"taxonomy":"post_tag","embeddable":true,"href":"https:\/\/www.albinfo.at\/fr\/wp-json\/wp\/v2\/tags?post=823168"},{"taxonomy":"vendi","embeddable":true,"href":"https:\/\/www.albinfo.at\/fr\/wp-json\/wp\/v2\/vendi?post=823168"},{"taxonomy":"content_country","embeddable":true,"href":"https:\/\/www.albinfo.at\/fr\/wp-json\/wp\/v2\/content_country?post=823168"}],"curies":[{"name":"wp","href":"https:\/\/api.w.org\/{rel}","templated":true}]}}