{"id":823157,"date":"2025-04-17T23:30:41","date_gmt":"2025-04-17T21:30:41","guid":{"rendered":"https:\/\/www.albinfo.ch\/?p=823157"},"modified":"2025-04-17T23:30:41","modified_gmt":"2025-04-17T21:30:41","slug":"une-nouvelle-fenetre-pour-la-langue-albanaise-en-suisse-ouverture-dune-nouvelle-classe-a-buchrain-lucerne","status":"publish","type":"post","link":"https:\/\/www.albinfo.at\/fr\/une-nouvelle-fenetre-pour-la-langue-albanaise-en-suisse-ouverture-dune-nouvelle-classe-a-buchrain-lucerne\/","title":{"rendered":"Une nouvelle fen\u00eatre pour la langue albanaise en Suisse : ouverture d&#8217;une nouvelle classe \u00e0 Buchrain, Lucerne"},"content":{"rendered":"<p class=\"x_gmail-\">Ce lundi 14 avril 2025, une nouvelle classe pour l\u2019enseignement de la langue albanaise a \u00e9t\u00e9 officiellement ouverte dans les locaux de l\u2019\u00e9cole HLB (Hinterleisbach) \u00e0 Buchrain, dans le canton de Lucerne. Cette classe fait partie du r\u00e9seau de la \u00ab Shkolla Shqipe \u00bb (\u00c9cole albanaise) en Suisse. Douze \u00e9l\u00e8ves, accompagn\u00e9s de leurs parents et enseignants, ont assist\u00e9 \u00e0 ce premier cours dans une atmosph\u00e8re empreinte d\u2019\u00e9motion et de fiert\u00e9.<\/p>\n<p class=\"x_gmail-\">Cette initiative, qui se r\u00e9pand de plus en plus \u00e0 travers les cantons suisses, est le fruit du travail acharn\u00e9 de la communaut\u00e9 albanaise et de l\u2019engagement des institutions \u0153uvrant pour la pr\u00e9servation de la langue et de l\u2019identit\u00e9 nationale en diaspora. Les parents ont exprim\u00e9 leur gratitude envers les organisateurs et, en particulier, envers la \u00ab Shkolla Shqipe en Suisse \u00bb qui rend possible l\u2019apprentissage de la langue maternelle, m\u00eame pour les enfants n\u00e9s et \u00e9lev\u00e9s loin du pays d\u2019origine, rapporte\u00a0<a title=\"http:\/\/albinfo.ch\" href=\"http:\/\/albinfo.ch\/\" data-auth=\"NotApplicable\" data-linkindex=\"0\">albinfo.ch<\/a>.<\/p>\n<p class=\"x_gmail-\">L\u2019inauguration de la classe a \u00e9t\u00e9 marqu\u00e9e par diverses activit\u00e9s : les enfants ont r\u00e9cit\u00e9 des po\u00e8mes, chant\u00e9 des chansons et r\u00e9pondu en albanais, cr\u00e9ant ainsi, pendant un instant, l\u2019atmosph\u00e8re typique d\u2019une salle de classe en Albanie ou au Kosovo. Ce moment a \u00e9t\u00e9 particuli\u00e8rement \u00e9mouvant pour les parents pr\u00e9sents, qui ont suivi la le\u00e7on et re\u00e7u des informations sur l\u2019organisation de la classe.<\/p>\n<p class=\"x_gmail-\">L\u2019enseignante Lumnije Klinaku-Neziri a exprim\u00e9 sa gratitude particuli\u00e8re envers Vaxhid Sejdiu pour son soutien administratif et a soulign\u00e9 l\u2019importance de renforcer la coop\u00e9ration afin d\u2019\u00e9tendre l\u2019enseignement de l\u2019albanais dans le canton de Lucerne.<\/p>\n<p class=\"x_gmail-\">Lors de cette rencontre, la nouvelle enseignante Festina B\u00ebrdynaj a \u00e9galement \u00e9t\u00e9 pr\u00e9sent\u00e9e. Elle assure les cours avec ce groupe et s\u2019est engag\u00e9e \u00e0 travailler avec d\u00e9vouement pour aider les \u00e9l\u00e8ves \u00e0 pr\u00e9server et d\u00e9velopper leur langue maternelle.<\/p>\n<p class=\"x_gmail-\">Les cours ont lieu chaque lundi, de 17h30 \u00e0 19h15, jusqu\u2019\u00e0 la fin de l\u2019ann\u00e9e scolaire 2024\/2025, en juillet.<\/p>\n<p><a href=\"https:\/\/www.albinfo.ch\/wp-content\/uploads\/2025\/04\/screenshot_20250416_214750_facebook.jpg\"><img loading=\"lazy\" decoding=\"async\" class=\"alignnone wp-image-822806\" src=\"https:\/\/www.albinfo.ch\/wp-content\/uploads\/2025\/04\/screenshot_20250416_214750_facebook.jpg\" alt=\"\" width=\"678\" height=\"350\" srcset=\"https:\/\/www.albinfo.at\/wp-content\/uploads\/2025\/04\/screenshot_20250416_214750_facebook.jpg 964w, https:\/\/www.albinfo.at\/wp-content\/uploads\/2025\/04\/screenshot_20250416_214750_facebook-300x155.jpg 300w, https:\/\/www.albinfo.at\/wp-content\/uploads\/2025\/04\/screenshot_20250416_214750_facebook-768x397.jpg 768w, https:\/\/www.albinfo.at\/wp-content\/uploads\/2025\/04\/screenshot_20250416_214750_facebook-587x303.jpg 587w, https:\/\/www.albinfo.at\/wp-content\/uploads\/2025\/04\/screenshot_20250416_214750_facebook-180x93.jpg 180w, https:\/\/www.albinfo.at\/wp-content\/uploads\/2025\/04\/screenshot_20250416_214750_facebook-265x137.jpg 265w\" sizes=\"auto, (max-width: 678px) 100vw, 678px\" \/><\/a><\/p>\n<p>&nbsp;<\/p>\n","protected":false},"excerpt":{"rendered":"<p>Ce lundi 14 avril 2025, une nouvelle classe pour l\u2019enseignement de la langue albanaise a \u00e9t\u00e9 officiellement ouverte dans les locaux de l\u2019\u00e9cole HLB (Hinterleisbach) \u00e0 Buchrain, dans le canton de Lucerne. Cette classe fait partie du r\u00e9seau de la \u00ab Shkolla Shqipe \u00bb (\u00c9cole albanaise) en Suisse. Douze \u00e9l\u00e8ves, accompagn\u00e9s de leurs parents et [&hellip;]<\/p>\n","protected":false},"author":6,"featured_media":822810,"comment_status":"closed","ping_status":"closed","sticky":false,"template":"","format":"standard","meta":{"footnotes":""},"categories":[24637,1187,1166,18826,24630,1163,1170],"tags":[],"vendi":[],"content_country":[31835,31838,31840],"class_list":["post-823157","post","type-post","status-publish","format-standard","has-post-thumbnail","hentry","category-nouvelles-fr-4","category-breves","category-langues","category-lajme-jeta-ne-zvicer-fr","category-nouvelles","category-fr-e-diaspora","category-vivre-en-suisse","content_country-austria-fr","content_country-germany-fr","content_country-zvicer-fr"],"acf":[],"_links":{"self":[{"href":"https:\/\/www.albinfo.at\/fr\/wp-json\/wp\/v2\/posts\/823157","targetHints":{"allow":["GET"]}}],"collection":[{"href":"https:\/\/www.albinfo.at\/fr\/wp-json\/wp\/v2\/posts"}],"about":[{"href":"https:\/\/www.albinfo.at\/fr\/wp-json\/wp\/v2\/types\/post"}],"author":[{"embeddable":true,"href":"https:\/\/www.albinfo.at\/fr\/wp-json\/wp\/v2\/users\/6"}],"replies":[{"embeddable":true,"href":"https:\/\/www.albinfo.at\/fr\/wp-json\/wp\/v2\/comments?post=823157"}],"version-history":[{"count":1,"href":"https:\/\/www.albinfo.at\/fr\/wp-json\/wp\/v2\/posts\/823157\/revisions"}],"predecessor-version":[{"id":823158,"href":"https:\/\/www.albinfo.at\/fr\/wp-json\/wp\/v2\/posts\/823157\/revisions\/823158"}],"wp:featuredmedia":[{"embeddable":true,"href":"https:\/\/www.albinfo.at\/fr\/wp-json\/wp\/v2\/media\/822810"}],"wp:attachment":[{"href":"https:\/\/www.albinfo.at\/fr\/wp-json\/wp\/v2\/media?parent=823157"}],"wp:term":[{"taxonomy":"category","embeddable":true,"href":"https:\/\/www.albinfo.at\/fr\/wp-json\/wp\/v2\/categories?post=823157"},{"taxonomy":"post_tag","embeddable":true,"href":"https:\/\/www.albinfo.at\/fr\/wp-json\/wp\/v2\/tags?post=823157"},{"taxonomy":"vendi","embeddable":true,"href":"https:\/\/www.albinfo.at\/fr\/wp-json\/wp\/v2\/vendi?post=823157"},{"taxonomy":"content_country","embeddable":true,"href":"https:\/\/www.albinfo.at\/fr\/wp-json\/wp\/v2\/content_country?post=823157"}],"curies":[{"name":"wp","href":"https:\/\/api.w.org\/{rel}","templated":true}]}}