{"id":823153,"date":"2025-04-17T23:26:22","date_gmt":"2025-04-17T21:26:22","guid":{"rendered":"https:\/\/www.albinfo.ch\/?p=823153"},"modified":"2025-04-17T23:26:22","modified_gmt":"2025-04-17T21:26:22","slug":"xhaka-mon-pere-ne-ma-jamais-fait-de-compliments","status":"publish","type":"post","link":"https:\/\/www.albinfo.at\/fr\/xhaka-mon-pere-ne-ma-jamais-fait-de-compliments\/","title":{"rendered":"Xhaka : Mon p\u00e8re ne m\u2019a jamais fait de compliments"},"content":{"rendered":"<p class=\"x_gmail-\">Il ne fait aucun doute que Granit Xhaka est l\u2019un des meilleurs joueurs de l\u2019histoire du football suisse. Le capitaine de l\u2019\u00e9quipe nationale a re\u00e7u de nombreux \u00e9loges tout au long de sa carri\u00e8re \u2013 mais jamais de la part de son p\u00e8re, rapporte\u00a0<a title=\"http:\/\/albinfo.ch\" href=\"http:\/\/albinfo.ch\/\" data-auth=\"NotApplicable\" data-linkindex=\"0\">albinfo.ch<\/a>.<\/p>\n<p class=\"x_gmail-\">C\u2019est ce qu\u2019a r\u00e9v\u00e9l\u00e9 Xhaka dans une interview accord\u00e9e au m\u00e9dia allemand\u00a0<em>Bild<\/em>.<\/p>\n<p class=\"x_gmail-\">\u00ab\u202fIl est mon plus grand critique. Mon p\u00e8re ne m\u2019a jamais compliment\u00e9 en tant que footballeur \u00bb, a d\u00e9clar\u00e9 Xhaka, ajoutant qu\u2019il aimerait qu\u2019un jour son p\u00e8re lui dise qu\u2019il a fait un match exceptionnel.<\/p>\n<p class=\"x_gmail-\">Il a pr\u00e9cis\u00e9 qu\u2019apr\u00e8s chaque rencontre, il analyse tout en d\u00e9tail \u00e0 la maison.<\/p>\n<p class=\"x_gmail-\">\u00ab Je regarde chaque match apr\u00e8s coup, tranquillement. Je revois tout et je comprends ce qui s\u2019est pass\u00e9, et pourquoi cela s\u2019est produit. \u00bb<\/p>\n<p class=\"x_gmail-\">Le milieu de terrain suisse a connu un succ\u00e8s historique la saison derni\u00e8re avec le Bayer Leverkusen, remportant le championnat allemand sans la moindre d\u00e9faite, ainsi que la Coupe d\u2019Allemagne.<\/p>\n<p class=\"x_gmail-\">Cette saison, Leverkusen accuse un retard de six points sur le Bayern Munich dans la course au titre. En Coupe d\u2019Allemagne, l\u2019\u00e9quipe a \u00e9t\u00e9 \u00e9limin\u00e9e par Arminia Bielefeld, un club de troisi\u00e8me division, sur le score de 2-1.<\/p>\n<p class=\"x_gmail-\">Leader au milieu de terrain du Bayer, Xhaka, 32 ans, est p\u00e8re de trois filles. Il affirme qu\u2019elles ont chang\u00e9 sa vie pour le mieux.<\/p>\n<p class=\"x_gmail-\">\u00ab Je suis toujours le m\u00eame gar\u00e7on arriv\u00e9 en Bundesliga \u00e0 19 ans. Je suis encore aussi \u00e9motionnel que lorsque je jouais \u00e0 M\u00f6nchengladbach \u00bb, a-t-il confi\u00e9.<\/p>\n","protected":false},"excerpt":{"rendered":"<p>Il ne fait aucun doute que Granit Xhaka est l\u2019un des meilleurs joueurs de l\u2019histoire du football suisse. Le capitaine de l\u2019\u00e9quipe nationale a re\u00e7u de nombreux \u00e9loges tout au long de sa carri\u00e8re \u2013 mais jamais de la part de son p\u00e8re, rapporte\u00a0albinfo.ch. C\u2019est ce qu\u2019a r\u00e9v\u00e9l\u00e9 Xhaka dans une interview accord\u00e9e au m\u00e9dia [&hellip;]<\/p>\n","protected":false},"author":6,"featured_media":671640,"comment_status":"closed","ping_status":"closed","sticky":false,"template":"","format":"standard","meta":{"footnotes":""},"categories":[24630,24671,1169],"tags":[],"vendi":[],"content_country":[31835,31838,31840],"class_list":["post-823153","post","type-post","status-publish","format-standard","has-post-thumbnail","hentry","category-nouvelles","category-football","category-sport-fr","content_country-austria-fr","content_country-germany-fr","content_country-zvicer-fr"],"acf":[],"_links":{"self":[{"href":"https:\/\/www.albinfo.at\/fr\/wp-json\/wp\/v2\/posts\/823153","targetHints":{"allow":["GET"]}}],"collection":[{"href":"https:\/\/www.albinfo.at\/fr\/wp-json\/wp\/v2\/posts"}],"about":[{"href":"https:\/\/www.albinfo.at\/fr\/wp-json\/wp\/v2\/types\/post"}],"author":[{"embeddable":true,"href":"https:\/\/www.albinfo.at\/fr\/wp-json\/wp\/v2\/users\/6"}],"replies":[{"embeddable":true,"href":"https:\/\/www.albinfo.at\/fr\/wp-json\/wp\/v2\/comments?post=823153"}],"version-history":[{"count":1,"href":"https:\/\/www.albinfo.at\/fr\/wp-json\/wp\/v2\/posts\/823153\/revisions"}],"predecessor-version":[{"id":823154,"href":"https:\/\/www.albinfo.at\/fr\/wp-json\/wp\/v2\/posts\/823153\/revisions\/823154"}],"wp:featuredmedia":[{"embeddable":true,"href":"https:\/\/www.albinfo.at\/fr\/wp-json\/wp\/v2\/media\/671640"}],"wp:attachment":[{"href":"https:\/\/www.albinfo.at\/fr\/wp-json\/wp\/v2\/media?parent=823153"}],"wp:term":[{"taxonomy":"category","embeddable":true,"href":"https:\/\/www.albinfo.at\/fr\/wp-json\/wp\/v2\/categories?post=823153"},{"taxonomy":"post_tag","embeddable":true,"href":"https:\/\/www.albinfo.at\/fr\/wp-json\/wp\/v2\/tags?post=823153"},{"taxonomy":"vendi","embeddable":true,"href":"https:\/\/www.albinfo.at\/fr\/wp-json\/wp\/v2\/vendi?post=823153"},{"taxonomy":"content_country","embeddable":true,"href":"https:\/\/www.albinfo.at\/fr\/wp-json\/wp\/v2\/content_country?post=823153"}],"curies":[{"name":"wp","href":"https:\/\/api.w.org\/{rel}","templated":true}]}}