{"id":823149,"date":"2025-04-17T23:23:51","date_gmt":"2025-04-17T21:23:51","guid":{"rendered":"https:\/\/www.albinfo.ch\/?p=823149"},"modified":"2025-04-17T23:23:51","modified_gmt":"2025-04-17T21:23:51","slug":"le-saviez-vous-le-vestiaire-original-dalbert-einstein-est-toujours-conserve-en-suisse","status":"publish","type":"post","link":"https:\/\/www.albinfo.at\/fr\/le-saviez-vous-le-vestiaire-original-dalbert-einstein-est-toujours-conserve-en-suisse\/","title":{"rendered":"Le saviez-vous ? Le vestiaire original d\u2019Albert Einstein est toujours conserv\u00e9 en Suisse"},"content":{"rendered":"<p class=\"x_gmail-\">Albert Einstein a \u00e9tudi\u00e9 \u00e0 l\u2019\u00c9cole polytechnique f\u00e9d\u00e9rale de Zurich (ETH Zurich) de 1896 \u00e0 1900, o\u00f9 il a obtenu son dipl\u00f4me en math\u00e9matiques et en sciences, rapporte\u00a0<a title=\"http:\/\/albinfo.ch\" href=\"http:\/\/albinfo.ch\/\" data-auth=\"NotApplicable\" data-linkindex=\"0\">albinfo.ch<\/a>.<\/p>\n<p class=\"x_gmail-\">En 1912, il est revenu \u00e0 l\u2019ETH en tant que professeur de physique th\u00e9orique, p\u00e9riode durant laquelle il a affin\u00e9 ses id\u00e9es sur la th\u00e9orie de la relativit\u00e9.<\/p>\n<p class=\"x_gmail-\">Aujourd\u2019hui, son vestiaire personnel est conserv\u00e9 et transform\u00e9 en un petit mus\u00e9e, offrant un aper\u00e7u unique de sa vie et de son h\u00e9ritage scientifique.<\/p>\n<p class=\"x_gmail-\">C\u2019est sans doute un joyau cach\u00e9 de l\u2019histoire \u00e0 ne pas manquer lors d\u2019une visite \u00e0 Zurich.<\/p>\n","protected":false},"excerpt":{"rendered":"<p>Albert Einstein a \u00e9tudi\u00e9 \u00e0 l\u2019\u00c9cole polytechnique f\u00e9d\u00e9rale de Zurich (ETH Zurich) de 1896 \u00e0 1900, o\u00f9 il a obtenu son dipl\u00f4me en math\u00e9matiques et en sciences, rapporte\u00a0albinfo.ch. En 1912, il est revenu \u00e0 l\u2019ETH en tant que professeur de physique th\u00e9orique, p\u00e9riode durant laquelle il a affin\u00e9 ses id\u00e9es sur la th\u00e9orie de la [&hellip;]<\/p>\n","protected":false},"author":6,"featured_media":822867,"comment_status":"closed","ping_status":"closed","sticky":false,"template":"","format":"standard","meta":{"footnotes":""},"categories":[33431,18826,24630,1170],"tags":[],"vendi":[],"content_country":[31835,31838,31840],"class_list":["post-823149","post","type-post","status-publish","format-standard","has-post-thumbnail","hentry","category-kuriozitete-fr","category-lajme-jeta-ne-zvicer-fr","category-nouvelles","category-vivre-en-suisse","content_country-austria-fr","content_country-germany-fr","content_country-zvicer-fr"],"acf":[],"_links":{"self":[{"href":"https:\/\/www.albinfo.at\/fr\/wp-json\/wp\/v2\/posts\/823149","targetHints":{"allow":["GET"]}}],"collection":[{"href":"https:\/\/www.albinfo.at\/fr\/wp-json\/wp\/v2\/posts"}],"about":[{"href":"https:\/\/www.albinfo.at\/fr\/wp-json\/wp\/v2\/types\/post"}],"author":[{"embeddable":true,"href":"https:\/\/www.albinfo.at\/fr\/wp-json\/wp\/v2\/users\/6"}],"replies":[{"embeddable":true,"href":"https:\/\/www.albinfo.at\/fr\/wp-json\/wp\/v2\/comments?post=823149"}],"version-history":[{"count":1,"href":"https:\/\/www.albinfo.at\/fr\/wp-json\/wp\/v2\/posts\/823149\/revisions"}],"predecessor-version":[{"id":823150,"href":"https:\/\/www.albinfo.at\/fr\/wp-json\/wp\/v2\/posts\/823149\/revisions\/823150"}],"wp:featuredmedia":[{"embeddable":true,"href":"https:\/\/www.albinfo.at\/fr\/wp-json\/wp\/v2\/media\/822867"}],"wp:attachment":[{"href":"https:\/\/www.albinfo.at\/fr\/wp-json\/wp\/v2\/media?parent=823149"}],"wp:term":[{"taxonomy":"category","embeddable":true,"href":"https:\/\/www.albinfo.at\/fr\/wp-json\/wp\/v2\/categories?post=823149"},{"taxonomy":"post_tag","embeddable":true,"href":"https:\/\/www.albinfo.at\/fr\/wp-json\/wp\/v2\/tags?post=823149"},{"taxonomy":"vendi","embeddable":true,"href":"https:\/\/www.albinfo.at\/fr\/wp-json\/wp\/v2\/vendi?post=823149"},{"taxonomy":"content_country","embeddable":true,"href":"https:\/\/www.albinfo.at\/fr\/wp-json\/wp\/v2\/content_country?post=823149"}],"curies":[{"name":"wp","href":"https:\/\/api.w.org\/{rel}","templated":true}]}}