{"id":821743,"date":"2025-04-11T23:08:57","date_gmt":"2025-04-11T21:08:57","guid":{"rendered":"https:\/\/www.albinfo.ch\/?p=821743"},"modified":"2025-04-11T23:08:57","modified_gmt":"2025-04-11T21:08:57","slug":"lalbanie-supprime-temporairement-les-visas-pour-les-citoyens-de-ces-cinq-pays-a-des-fins-touristiques","status":"publish","type":"post","link":"https:\/\/www.albinfo.at\/fr\/lalbanie-supprime-temporairement-les-visas-pour-les-citoyens-de-ces-cinq-pays-a-des-fins-touristiques\/","title":{"rendered":"L\u2019Albanie supprime temporairement les visas pour les citoyens de ces cinq pays \u00e0 des fins touristiques"},"content":{"rendered":"<p>Le Conseil des ministres albanais a r\u00e9cemment pris une d\u00e9cision importante visant \u00e0 promouvoir le tourisme : les ressortissants de cinq pays pourront entrer en Albanie sans visa pour des s\u00e9jours touristiques, \u00e9crit <a href=\"http:\/\/albinfo.ch\">albinfo.ch<\/a>.<\/p>\n<p>Cette exemption s\u2019applique aux citoyens de l\u2019Arabie saoudite, du Qatar, d\u2019Oman, de la Tha\u00eflande et de l\u2019Indon\u00e9sie, \u00e0 condition qu\u2019ils soient munis d\u2019un passeport en cours de validit\u00e9. La p\u00e9riode d\u2019exemption d\u00e9butera le <strong>15 avril 2025<\/strong> et restera en vigueur jusqu\u2019au <strong>31 d\u00e9cembre 2025<\/strong>.<\/p>\n<p>Cette mesure repr\u00e9sente une \u00e9tape significative dans les efforts de l\u2019Albanie pour attirer davantage de visiteurs et renforcer ses relations internationales. Le minist\u00e8re de l\u2019Europe et des Affaires \u00e9trang\u00e8res, en collaboration avec le minist\u00e8re de l\u2019Int\u00e9rieur, est charg\u00e9 de mettre en \u0153uvre cette d\u00e9cision.<\/p>\n<p>D\u00e8s sa publication au <em>Journal Officiel<\/em>, la d\u00e9cision entrera imm\u00e9diatement en vigueur, facilitant les voyages pour les touristes de ces cinq pays. L\u2019objectif est de permettre \u00e0 un plus grand nombre de visiteurs de d\u00e9couvrir les beaut\u00e9s naturelles, culturelles et historiques de l\u2019Albanie, sans obstacles administratifs.<\/p>\n<p class=\"\" data-start=\"382\" data-end=\"594\">\n","protected":false},"excerpt":{"rendered":"<p>Le Conseil des ministres albanais a r\u00e9cemment pris une d\u00e9cision importante visant \u00e0 promouvoir le tourisme : les ressortissants de cinq pays pourront entrer en Albanie sans visa pour des s\u00e9jours touristiques, \u00e9crit albinfo.ch. Cette exemption s\u2019applique aux citoyens de l\u2019Arabie saoudite, du Qatar, d\u2019Oman, de la Tha\u00eflande et de l\u2019Indon\u00e9sie, \u00e0 condition qu\u2019ils soient [&hellip;]<\/p>\n","protected":false},"author":6,"featured_media":406111,"comment_status":"closed","ping_status":"closed","sticky":false,"template":"","format":"standard","meta":{"footnotes":""},"categories":[3944,24630],"tags":[],"vendi":[],"content_country":[31835,31838,31840],"class_list":["post-821743","post","type-post","status-publish","format-standard","has-post-thumbnail","hentry","category-turizmi-fr","category-nouvelles","content_country-austria-fr","content_country-germany-fr","content_country-zvicer-fr"],"acf":[],"_links":{"self":[{"href":"https:\/\/www.albinfo.at\/fr\/wp-json\/wp\/v2\/posts\/821743","targetHints":{"allow":["GET"]}}],"collection":[{"href":"https:\/\/www.albinfo.at\/fr\/wp-json\/wp\/v2\/posts"}],"about":[{"href":"https:\/\/www.albinfo.at\/fr\/wp-json\/wp\/v2\/types\/post"}],"author":[{"embeddable":true,"href":"https:\/\/www.albinfo.at\/fr\/wp-json\/wp\/v2\/users\/6"}],"replies":[{"embeddable":true,"href":"https:\/\/www.albinfo.at\/fr\/wp-json\/wp\/v2\/comments?post=821743"}],"version-history":[{"count":1,"href":"https:\/\/www.albinfo.at\/fr\/wp-json\/wp\/v2\/posts\/821743\/revisions"}],"predecessor-version":[{"id":821745,"href":"https:\/\/www.albinfo.at\/fr\/wp-json\/wp\/v2\/posts\/821743\/revisions\/821745"}],"wp:featuredmedia":[{"embeddable":true,"href":"https:\/\/www.albinfo.at\/fr\/wp-json\/wp\/v2\/media\/406111"}],"wp:attachment":[{"href":"https:\/\/www.albinfo.at\/fr\/wp-json\/wp\/v2\/media?parent=821743"}],"wp:term":[{"taxonomy":"category","embeddable":true,"href":"https:\/\/www.albinfo.at\/fr\/wp-json\/wp\/v2\/categories?post=821743"},{"taxonomy":"post_tag","embeddable":true,"href":"https:\/\/www.albinfo.at\/fr\/wp-json\/wp\/v2\/tags?post=821743"},{"taxonomy":"vendi","embeddable":true,"href":"https:\/\/www.albinfo.at\/fr\/wp-json\/wp\/v2\/vendi?post=821743"},{"taxonomy":"content_country","embeddable":true,"href":"https:\/\/www.albinfo.at\/fr\/wp-json\/wp\/v2\/content_country?post=821743"}],"curies":[{"name":"wp","href":"https:\/\/api.w.org\/{rel}","templated":true}]}}